{"id":43725,"date":"2022-01-04T08:43:01","date_gmt":"2022-01-04T11:43:01","guid":{"rendered":"https:\/\/www.anamt.org.br\/portal\/?p=43725"},"modified":"2022-01-04T08:43:36","modified_gmt":"2022-01-04T11:43:36","slug":"protecao-a-saude-de-profissionais-do-sus-e-abordada-em-dossie-tematico-da-rbso","status":"publish","type":"post","link":"https:\/\/www.anamt.org.br\/portal\/2022\/01\/04\/protecao-a-saude-de-profissionais-do-sus-e-abordada-em-dossie-tematico-da-rbso\/","title":{"rendered":"Prote\u00e7\u00e3o \u00e0 sa\u00fade de profissionais do SUS \u00e9 abordada em dossi\u00ea da RBSO"},"content":{"rendered":"<p>Artigo de pesquisa analisa como a prote\u00e7\u00e3o da sa\u00fade dos trabalhadores da Aten\u00e7\u00e3o B\u00e1sica \u00e0 Sa\u00fade (ABS) do Sistema \u00danico de Sa\u00fade (SUS) \u00e9 abordada nos planos de conting\u00eancia ao enfrentamento da pandemia. Material faz parte do Dossi\u00ea COVID-19 e Sa\u00fade do Trabalhador, que se encontra na p\u00e1gina da Revista Brasileira de Sa\u00fade Ocupacional (RBSO), na SciELO.<\/p>\n<p>Nos meses de junho e julho de 2020, o estudo realizou uma busca pelos planos de conting\u00eancia dedicados \u00e0 COVID-19, das Secretarias Municipais de Sa\u00fade das capitais brasileiras e do Distrito Federal.<\/p>\n<p>Constatou-se que os planos de conting\u00eancia apresentavam limita\u00e7\u00f5es no que se refere \u00e0 elabora\u00e7\u00e3o de respostas articuladas e efetivas para a gest\u00e3o do risco ocupacional entre os profissionais da \u00e1rea da sa\u00fade.<\/p>\n<p>A diferen\u00e7a nas a\u00e7\u00f5es adotadas entre os munic\u00edpios tamb\u00e9m mostra a complexidade do processo de enfrentamento da pandemia no Brasil diante de desigualdades regionais e fragilidades na gest\u00e3o do sistema de sa\u00fade.<\/p>\n<p>Saiba mais<\/p>\n<p>Leia o artigo de pesquisa \u201cProte\u00e7\u00e3o dos trabalhadores da Aten\u00e7\u00e3o Prim\u00e1ria \u00e0 Sa\u00fade: an\u00e1lise dos planos de conting\u00eancia das capitais brasileiras em tempos de pandemia\u201d <a href=\"https:\/\/doi.org\/10.1590\/2317-6369000011521\" target=\"_blank\" rel=\"noopener\">acessando o link<\/a>.<\/p>\n","protected":false},"excerpt":{"rendered":"<p>Artigo de pesquisa analisa como a prote\u00e7\u00e3o da sa\u00fade dos trabalhadores da Aten\u00e7\u00e3o B\u00e1sica \u00e0 Sa\u00fade (ABS) do Sistema \u00danico de Sa\u00fade (SUS) \u00e9 abordada nos planos de conting\u00eancia ao enfrentamento da pandemia. Material faz parte do Dossi\u00ea COVID-19 e Sa\u00fade do Trabalhador, que se encontra na p\u00e1gina da Revista Brasileira de Sa\u00fade Ocupacional (RBSO), [&hellip;]<\/p>\n","protected":false},"author":1,"featured_media":43638,"comment_status":"closed","ping_status":"closed","sticky":false,"template":"","format":"standard","meta":{"footnotes":""},"categories":[80],"tags":[],"_links":{"self":[{"href":"https:\/\/www.anamt.org.br\/portal\/wp-json\/wp\/v2\/posts\/43725"}],"collection":[{"href":"https:\/\/www.anamt.org.br\/portal\/wp-json\/wp\/v2\/posts"}],"about":[{"href":"https:\/\/www.anamt.org.br\/portal\/wp-json\/wp\/v2\/types\/post"}],"author":[{"embeddable":true,"href":"https:\/\/www.anamt.org.br\/portal\/wp-json\/wp\/v2\/users\/1"}],"replies":[{"embeddable":true,"href":"https:\/\/www.anamt.org.br\/portal\/wp-json\/wp\/v2\/comments?post=43725"}],"version-history":[{"count":0,"href":"https:\/\/www.anamt.org.br\/portal\/wp-json\/wp\/v2\/posts\/43725\/revisions"}],"wp:featuredmedia":[{"embeddable":true,"href":"https:\/\/www.anamt.org.br\/portal\/wp-json\/wp\/v2\/media\/43638"}],"wp:attachment":[{"href":"https:\/\/www.anamt.org.br\/portal\/wp-json\/wp\/v2\/media?parent=43725"}],"wp:term":[{"taxonomy":"category","embeddable":true,"href":"https:\/\/www.anamt.org.br\/portal\/wp-json\/wp\/v2\/categories?post=43725"},{"taxonomy":"post_tag","embeddable":true,"href":"https:\/\/www.anamt.org.br\/portal\/wp-json\/wp\/v2\/tags?post=43725"}],"curies":[{"name":"wp","href":"https:\/\/api.w.org\/{rel}","templated":true}]}}