{"id":43021,"date":"2021-10-07T16:15:00","date_gmt":"2021-10-07T19:15:00","guid":{"rendered":"https:\/\/www.anamt.org.br\/portal\/?p=43021"},"modified":"2021-10-08T15:57:55","modified_gmt":"2021-10-08T18:57:55","slug":"camara-aprova-retorno-de-gestantes-vacinadas-ao-trabalho-presencial","status":"publish","type":"post","link":"https:\/\/www.anamt.org.br\/portal\/2021\/10\/07\/camara-aprova-retorno-de-gestantes-vacinadas-ao-trabalho-presencial\/","title":{"rendered":"C\u00e2mara aprova retorno de gestantes vacinadas ao trabalho presencial"},"content":{"rendered":"<p>A C\u00e2mara aprovou nesta quarta-feira um projeto de lei que prev\u00ea a volta de gestantes ao trabalho presencial ap\u00f3s elas se imunizarem contra a covid-19. O texto altera a Lei 14.151\/21, que garantiu o afastamento da gestante do trabalho presencial com remunera\u00e7\u00e3o integral durante a pandemia, e segue para an\u00e1lise do Senado.<\/p>\n<p>O projeto aprovado \u00e9 um substitutivo da relatora, deputada Paula Belmonte (Cidadania-DF) e garante o afastamento apenas se a gestante n\u00e3o tiver sido totalmente imunizada, ou seja, tenha se passado um prazo de 15 dias pa\u00f3s a segunda dose. Atualmente n\u00e3o h\u00e1 este crit\u00e9rio. O empregador tamb\u00e9m tem a op\u00e7\u00e3o de manter a trabalhadora em teletrabalho com remunera\u00e7\u00e3o integral.<\/p>\n<p>Se a op\u00e7\u00e3o for pelo retorno ao presencial, a empregada gestante dever\u00e1 retornar ao trabalho nas hip\u00f3teses de encerramento do estado de emerg\u00eancia; ap\u00f3s sua imuniza\u00e7\u00e3o completa; se ela se recusar a se vacinar contra o novo coronav\u00edrus, assinado um termo de responsabilidade; ou se houver aborto espont\u00e2neo com recebimento da sal\u00e1rio-maternidade nas duas semanas de afastamento garantidas pela Consolida\u00e7\u00e3o das Leis do Trabalho (CLT).<\/p>\n<p>Para a relatora, o texto garante o afastamento enquanto n\u00e3o h\u00e1 a prote\u00e7\u00e3o da imuniza\u00e7\u00e3o e resolve o problema do setor produtivo. \u201cHoje, 100% est\u00e1 sendo pago pelo setor produtivo e, muitas vezes, o microempres\u00e1rio n\u00e3o tem condi\u00e7\u00f5es de fazer esse pagamento. V\u00e1rias mulheres querem retornar ao trabalho, pois muitas vezes elas t\u00eam uma perda salarial porque ganham comiss\u00e3o, hora extra\u201d, disse Paula Belmonte.<\/p>\n<p>Se a gestante n\u00e3o puder exercer sua ocupa\u00e7\u00e3o por meio do teletrabalho ou outra forma de trabalho a dist\u00e2ncia, mesmo com altera\u00e7\u00e3o de sua fun\u00e7\u00e3o, a situa\u00e7\u00e3o ser\u00e1 considerada como gravidez de risco at\u00e9 ela completar a imuniza\u00e7\u00e3o, quando dever\u00e1 retornar ao trabalho presencial. Durante o per\u00edodo considerado como gravidez de risco, a trabalhadora receber\u00e1 o sal\u00e1rio-maternidade desde o in\u00edcio do afastamento at\u00e9 120 dias ap\u00f3s o parto ou, se a empresa fizer parte do programa Empresa Cidad\u00e3 de extens\u00e3o da licen\u00e7a, por 180 dias. Entretanto, n\u00e3o poder\u00e1 haver pagamento retroativo \u00e0 data de publica\u00e7\u00e3o da futura lei.<\/p>\n<p><em>Fonte: Ag\u00eancia Brasil<\/em><\/p>\n","protected":false},"excerpt":{"rendered":"<p>A C\u00e2mara aprovou nesta quarta-feira um projeto de lei que prev\u00ea a volta de gestantes ao trabalho presencial ap\u00f3s elas se imunizarem contra a covid-19. O texto altera a Lei 14.151\/21, que garantiu o afastamento da gestante do trabalho presencial com remunera\u00e7\u00e3o integral durante a pandemia, e segue para an\u00e1lise do Senado. O projeto aprovado [&hellip;]<\/p>\n","protected":false},"author":1,"featured_media":33370,"comment_status":"closed","ping_status":"closed","sticky":false,"template":"","format":"standard","meta":{"footnotes":""},"categories":[80],"tags":[],"_links":{"self":[{"href":"https:\/\/www.anamt.org.br\/portal\/wp-json\/wp\/v2\/posts\/43021"}],"collection":[{"href":"https:\/\/www.anamt.org.br\/portal\/wp-json\/wp\/v2\/posts"}],"about":[{"href":"https:\/\/www.anamt.org.br\/portal\/wp-json\/wp\/v2\/types\/post"}],"author":[{"embeddable":true,"href":"https:\/\/www.anamt.org.br\/portal\/wp-json\/wp\/v2\/users\/1"}],"replies":[{"embeddable":true,"href":"https:\/\/www.anamt.org.br\/portal\/wp-json\/wp\/v2\/comments?post=43021"}],"version-history":[{"count":0,"href":"https:\/\/www.anamt.org.br\/portal\/wp-json\/wp\/v2\/posts\/43021\/revisions"}],"wp:featuredmedia":[{"embeddable":true,"href":"https:\/\/www.anamt.org.br\/portal\/wp-json\/wp\/v2\/media\/33370"}],"wp:attachment":[{"href":"https:\/\/www.anamt.org.br\/portal\/wp-json\/wp\/v2\/media?parent=43021"}],"wp:term":[{"taxonomy":"category","embeddable":true,"href":"https:\/\/www.anamt.org.br\/portal\/wp-json\/wp\/v2\/categories?post=43021"},{"taxonomy":"post_tag","embeddable":true,"href":"https:\/\/www.anamt.org.br\/portal\/wp-json\/wp\/v2\/tags?post=43021"}],"curies":[{"name":"wp","href":"https:\/\/api.w.org\/{rel}","templated":true}]}}