{"id":42815,"date":"2021-09-01T11:37:15","date_gmt":"2021-09-01T14:37:15","guid":{"rendered":"https:\/\/www.anamt.org.br\/portal\/?p=42815"},"modified":"2021-09-01T11:37:15","modified_gmt":"2021-09-01T14:37:15","slug":"abp-lanca-campanha-setembro-amarelo-2021-agir-salva-vidas","status":"publish","type":"post","link":"https:\/\/www.anamt.org.br\/portal\/2021\/09\/01\/abp-lanca-campanha-setembro-amarelo-2021-agir-salva-vidas\/","title":{"rendered":"ABP lan\u00e7a campanha Setembro Amarelo 2021: &#8220;agir salva vidas&#8221;"},"content":{"rendered":"<p>A Associa\u00e7\u00e3o Brasileira de Psiquiatria (ABP), em parceria com o Conselho Federal de Medicina, promove pelo oitavo ano consecutivo a campanha do Setembro Amarelo, com o tema &#8220;Agir salva vidas&#8221;. A a\u00e7\u00e3o, que foi implementada no Brasil em 2014, tem como principal objetivo diminuir \u00edndices de suic\u00eddio. A iniciativa se estende por todo o m\u00eas, tendo como data principal, o dia 10 de setembro &#8211; Dia Mundial de Preven\u00e7\u00e3o ao Suic\u00eddio.<\/p>\n<p>No Brasil, os casos passam de 13 mil por ano, podendo ser bem maiores em decorr\u00eancia das subnotifica\u00e7\u00f5es. Segundo dados da Organiza\u00e7\u00e3o Mundial da Sa\u00fade (OMS), estima-se que a cada 40 segundos uma pessoa morre por suic\u00eddio no mundo. J\u00e1 ao que se refere \u00e0s tentativas, uma pessoa atenta contra a pr\u00f3pria vida a cada tr\u00eas segundos. Em termos de num\u00e9ricos, calcula-se que aproximadamente um milh\u00e3o de casos de \u00f3bitos por suic\u00eddio s\u00e3o registrados por ano em todo o mundo.<\/p>\n<p>Durante o m\u00eas de setembro, a ABP prepara diversas a\u00e7\u00f5es de conscientiza\u00e7\u00e3o sobre o tema, dentre elas est\u00e3o: eventos online, ilumina\u00e7\u00e3o de espa\u00e7os p\u00fablicos e monumentos com a cor da a\u00e7\u00e3o (amarela) e campanha nas redes sociais.<\/p>\n<h3>Suic\u00eddio: resultado de transtornos mentais n\u00e3o tratados<\/h3>\n<p>Estudos apontam que em mais de 98% dos casos, o suic\u00eddio foi causado por transtornos mentais n\u00e3o tratados corretamente ou n\u00e3o identificados\/acompanhados. Cerca de 96,8% est\u00e3o relacionados \u00e0 depress\u00e3o e ao transtorno bipolar. Esse cen\u00e1rio preocupante serve de alerta para que a sa\u00fade mental seja um tema importante para a sa\u00fade p\u00fablica.<\/p>\n<p>&#8220;Precisamos orientar e conscientizar a sociedade sobre a preven\u00e7\u00e3o do suic\u00eddio, por isso, neste m\u00eas de setembro, n\u00f3s concentramos os nossos esfor\u00e7os na preven\u00e7\u00e3o efetiva. A morte por esta causa \u00e9 uma emerg\u00eancia m\u00e9dica e pode ser evitada atrav\u00e9s do tratamento adequado do transtorno mental de base&#8221;, afirma o presidente da ABP, Dr. Ant\u00f4nio Geraldo da Silva.<\/p>\n<p>A morte por suic\u00eddio pode e deve ser evitada, mas para isso devemos passar as informa\u00e7\u00f5es corretamente e de forma respons\u00e1vel para a sociedade. Apenas dessa forma, conseguiremos diminuir os n\u00fameros que s\u00e3o alarmantes.<\/p>\n<p><em>Fonte: Associa\u00e7\u00e3o Brasileira de Psiquiatria<\/em><\/p>\n","protected":false},"excerpt":{"rendered":"<p>A Associa\u00e7\u00e3o Brasileira de Psiquiatria (ABP), em parceria com o Conselho Federal de Medicina, promove pelo oitavo ano consecutivo a campanha do Setembro Amarelo, com o tema &#8220;Agir salva vidas&#8221;. A a\u00e7\u00e3o, que foi implementada no Brasil em 2014, tem como principal objetivo diminuir \u00edndices de suic\u00eddio. A iniciativa se estende por todo o m\u00eas, [&hellip;]<\/p>\n","protected":false},"author":1,"featured_media":34894,"comment_status":"closed","ping_status":"closed","sticky":false,"template":"","format":"standard","meta":{"footnotes":""},"categories":[80],"tags":[],"_links":{"self":[{"href":"https:\/\/www.anamt.org.br\/portal\/wp-json\/wp\/v2\/posts\/42815"}],"collection":[{"href":"https:\/\/www.anamt.org.br\/portal\/wp-json\/wp\/v2\/posts"}],"about":[{"href":"https:\/\/www.anamt.org.br\/portal\/wp-json\/wp\/v2\/types\/post"}],"author":[{"embeddable":true,"href":"https:\/\/www.anamt.org.br\/portal\/wp-json\/wp\/v2\/users\/1"}],"replies":[{"embeddable":true,"href":"https:\/\/www.anamt.org.br\/portal\/wp-json\/wp\/v2\/comments?post=42815"}],"version-history":[{"count":0,"href":"https:\/\/www.anamt.org.br\/portal\/wp-json\/wp\/v2\/posts\/42815\/revisions"}],"wp:featuredmedia":[{"embeddable":true,"href":"https:\/\/www.anamt.org.br\/portal\/wp-json\/wp\/v2\/media\/34894"}],"wp:attachment":[{"href":"https:\/\/www.anamt.org.br\/portal\/wp-json\/wp\/v2\/media?parent=42815"}],"wp:term":[{"taxonomy":"category","embeddable":true,"href":"https:\/\/www.anamt.org.br\/portal\/wp-json\/wp\/v2\/categories?post=42815"},{"taxonomy":"post_tag","embeddable":true,"href":"https:\/\/www.anamt.org.br\/portal\/wp-json\/wp\/v2\/tags?post=42815"}],"curies":[{"name":"wp","href":"https:\/\/api.w.org\/{rel}","templated":true}]}}