{"id":42699,"date":"2021-08-04T15:33:23","date_gmt":"2021-08-04T18:33:23","guid":{"rendered":"https:\/\/www.anamt.org.br\/portal\/?p=42699"},"modified":"2021-08-04T15:58:38","modified_gmt":"2021-08-04T18:58:38","slug":"mp-no-1-045-2021-anamt-se-reune-com-deputados-para-discutir-texto-do-projeto","status":"publish","type":"post","link":"https:\/\/www.anamt.org.br\/portal\/2021\/08\/04\/mp-no-1-045-2021-anamt-se-reune-com-deputados-para-discutir-texto-do-projeto\/","title":{"rendered":"MP n\u00ba 1.045\/2021: ANAMT se re\u00fane com deputados para discutir texto da Medida"},"content":{"rendered":"<p><img decoding=\"async\" class=\"aligncenter size-full wp-image-42700\" src=\"https:\/\/www.anamt.org.br\/portal\/wp-content\/uploads\/2021\/08\/WhatsApp-Image-2021-08-04-at-15.19.49.jpeg\" alt=\"\" width=\"550\" height=\"394\" srcset=\"https:\/\/www.anamt.org.br\/portal\/wp-content\/uploads\/2021\/08\/WhatsApp-Image-2021-08-04-at-15.19.49-200x143.jpeg 200w, https:\/\/www.anamt.org.br\/portal\/wp-content\/uploads\/2021\/08\/WhatsApp-Image-2021-08-04-at-15.19.49-300x214.jpeg 300w, https:\/\/www.anamt.org.br\/portal\/wp-content\/uploads\/2021\/08\/WhatsApp-Image-2021-08-04-at-15.19.49-400x287.jpeg 400w, https:\/\/www.anamt.org.br\/portal\/wp-content\/uploads\/2021\/08\/WhatsApp-Image-2021-08-04-at-15.19.49.jpeg 550w\" sizes=\"(max-width: 550px) 100vw, 550px\" \/><\/p>\n<p>Nesta quarta-feira (4), a presidente da ANAMT, Dra. Rosylane Rocha, esteve na C\u00e2mara dos Deputados em audi\u00eancia com os Deputados Hiran Gon\u00e7alves e Christino \u00c1ureo. O objetivo foi discutir o texto da Medida Provis\u00f3ria n\u00ba 1.045\/2021, que prop\u00f5e a inclus\u00e3o do par\u00e1grafo 8 ao Art. 168 da CLT, para dispor que o empregador possa optar pela realiza\u00e7\u00e3o dos exames m\u00e9dicos ocupacionais peri\u00f3dicos por meio da Telemedicina.<\/p>\n<p>A ANAMT apresentou manifesta\u00e7\u00e3o contr\u00e1ria a essa altera\u00e7\u00e3o e prop\u00f4s texto substitutivo de interesse da sa\u00fade do trabalhador. Dra. Rosylane destacou, e os parlamentares concordaram, que os exames ocupacionais oportunizam ao trabalhador a \u00fanica ou mais r\u00e1pida assist\u00eancia \u00e0 sa\u00fade em n\u00edvel de aten\u00e7\u00e3o prim\u00e1ria. Portanto, em seu ponto de vista, n\u00e3o h\u00e1 sentido em eliminar essa assist\u00eancia m\u00e9dica presencial se n\u00e3o implica em maior gasto para empresa, j\u00e1 que a mesma disp\u00f5e do m\u00e9dico para assistir aos trabalhadores.<\/p>\n<p>&#8220;\u00c9 imposs\u00edvel aplicar a semiologia m\u00e9dica e realizar o exame cl\u00ednico no trabalhador com recursos de Telemedicina\u201d, ela defendeu.<\/p>\n","protected":false},"excerpt":{"rendered":"<p>Nesta quarta-feira (4), a presidente da ANAMT, Dra. Rosylane Rocha, esteve na C\u00e2mara dos Deputados em audi\u00eancia com os Deputados Hiran Gon\u00e7alves e Christino \u00c1ureo. O objetivo foi discutir o texto da Medida Provis\u00f3ria n\u00ba 1.045\/2021, que prop\u00f5e a inclus\u00e3o do par\u00e1grafo 8 ao Art. 168 da CLT, para dispor que o empregador possa optar [&hellip;]<\/p>\n","protected":false},"author":1,"featured_media":42701,"comment_status":"closed","ping_status":"closed","sticky":false,"template":"","format":"standard","meta":{"footnotes":""},"categories":[77],"tags":[],"_links":{"self":[{"href":"https:\/\/www.anamt.org.br\/portal\/wp-json\/wp\/v2\/posts\/42699"}],"collection":[{"href":"https:\/\/www.anamt.org.br\/portal\/wp-json\/wp\/v2\/posts"}],"about":[{"href":"https:\/\/www.anamt.org.br\/portal\/wp-json\/wp\/v2\/types\/post"}],"author":[{"embeddable":true,"href":"https:\/\/www.anamt.org.br\/portal\/wp-json\/wp\/v2\/users\/1"}],"replies":[{"embeddable":true,"href":"https:\/\/www.anamt.org.br\/portal\/wp-json\/wp\/v2\/comments?post=42699"}],"version-history":[{"count":0,"href":"https:\/\/www.anamt.org.br\/portal\/wp-json\/wp\/v2\/posts\/42699\/revisions"}],"wp:featuredmedia":[{"embeddable":true,"href":"https:\/\/www.anamt.org.br\/portal\/wp-json\/wp\/v2\/media\/42701"}],"wp:attachment":[{"href":"https:\/\/www.anamt.org.br\/portal\/wp-json\/wp\/v2\/media?parent=42699"}],"wp:term":[{"taxonomy":"category","embeddable":true,"href":"https:\/\/www.anamt.org.br\/portal\/wp-json\/wp\/v2\/categories?post=42699"},{"taxonomy":"post_tag","embeddable":true,"href":"https:\/\/www.anamt.org.br\/portal\/wp-json\/wp\/v2\/tags?post=42699"}],"curies":[{"name":"wp","href":"https:\/\/api.w.org\/{rel}","templated":true}]}}