{"id":42686,"date":"2021-08-03T07:17:39","date_gmt":"2021-08-03T10:17:39","guid":{"rendered":"https:\/\/www.anamt.org.br\/portal\/?p=42686"},"modified":"2021-08-03T09:21:48","modified_gmt":"2021-08-03T12:21:48","slug":"dia-nacional-da-prevencao-de-acidentes-do-trabalho-e-celebrado-em-27-de-julho","status":"publish","type":"post","link":"https:\/\/www.anamt.org.br\/portal\/2021\/08\/03\/dia-nacional-da-prevencao-de-acidentes-do-trabalho-e-celebrado-em-27-de-julho\/","title":{"rendered":"Dia Nacional da Preven\u00e7\u00e3o de Acidentes do Trabalho \u00e9 celebrado em 27 de julho"},"content":{"rendered":"<p>Os acidentes de trabalho englobam aqueles que acontecem no servi\u00e7o, durante o trajeto para ele ou na volta para casa. Para discutir o assunto, lembrado todo 27 de julho, o Dia Nacional da Preven\u00e7\u00e3o de Acidentes do Trabalho, o Tarde Nacional conversou com Dr. Francisco Cortes Fernandes, diretor cient\u00edfico da Associa\u00e7\u00e3o Nacional de Medicina do Trabalho (ANAMT).<\/p>\n<p>Segundo o m\u00e9dico, o Brasil conta com 15 mil m\u00e9dicos do trabalho, considerando uma popula\u00e7\u00e3o economicamente ativa de mais de 3o milh\u00f5es. &#8220;Levando em conta isso, n\u00f3s temos um trabalho enquanto m\u00e9dicos do trabalho muito grande&#8221;, observa.<\/p>\n<p>Ele esclarece que a medicina do trabalho em duas vertentes. &#8220;A primeira \u00e9 a vertente social, quando n\u00f3s pegamos e provemos a sa\u00fade do trabalhador, e a segunda \u00e9 a econ\u00f4mica, garantir que o trabalhador seja produtivo e gire a economia do Brasil&#8221;, enumera.<\/p>\n<p><em>Fonte: Ag\u00eancia Brasil<\/em><\/p>\n","protected":false},"excerpt":{"rendered":"<p>Os acidentes de trabalho englobam aqueles que acontecem no servi\u00e7o, durante o trajeto para ele ou na volta para casa. Para discutir o assunto, lembrado todo 27 de julho, o Dia Nacional da Preven\u00e7\u00e3o de Acidentes do Trabalho, o Tarde Nacional conversou com Dr. Francisco Cortes Fernandes, diretor cient\u00edfico da Associa\u00e7\u00e3o Nacional de Medicina do [&hellip;]<\/p>\n","protected":false},"author":1,"featured_media":31643,"comment_status":"closed","ping_status":"closed","sticky":false,"template":"","format":"standard","meta":{"footnotes":""},"categories":[80],"tags":[],"_links":{"self":[{"href":"https:\/\/www.anamt.org.br\/portal\/wp-json\/wp\/v2\/posts\/42686"}],"collection":[{"href":"https:\/\/www.anamt.org.br\/portal\/wp-json\/wp\/v2\/posts"}],"about":[{"href":"https:\/\/www.anamt.org.br\/portal\/wp-json\/wp\/v2\/types\/post"}],"author":[{"embeddable":true,"href":"https:\/\/www.anamt.org.br\/portal\/wp-json\/wp\/v2\/users\/1"}],"replies":[{"embeddable":true,"href":"https:\/\/www.anamt.org.br\/portal\/wp-json\/wp\/v2\/comments?post=42686"}],"version-history":[{"count":0,"href":"https:\/\/www.anamt.org.br\/portal\/wp-json\/wp\/v2\/posts\/42686\/revisions"}],"wp:featuredmedia":[{"embeddable":true,"href":"https:\/\/www.anamt.org.br\/portal\/wp-json\/wp\/v2\/media\/31643"}],"wp:attachment":[{"href":"https:\/\/www.anamt.org.br\/portal\/wp-json\/wp\/v2\/media?parent=42686"}],"wp:term":[{"taxonomy":"category","embeddable":true,"href":"https:\/\/www.anamt.org.br\/portal\/wp-json\/wp\/v2\/categories?post=42686"},{"taxonomy":"post_tag","embeddable":true,"href":"https:\/\/www.anamt.org.br\/portal\/wp-json\/wp\/v2\/tags?post=42686"}],"curies":[{"name":"wp","href":"https:\/\/api.w.org\/{rel}","templated":true}]}}