{"id":42684,"date":"2021-08-03T09:09:42","date_gmt":"2021-08-03T12:09:42","guid":{"rendered":"https:\/\/www.anamt.org.br\/portal\/?p=42684"},"modified":"2021-08-03T09:09:42","modified_gmt":"2021-08-03T12:09:42","slug":"prevencao-aos-acidentes-ocupacionais-passam-pelo-medico-do-trabalho","status":"publish","type":"post","link":"https:\/\/www.anamt.org.br\/portal\/2021\/08\/03\/prevencao-aos-acidentes-ocupacionais-passam-pelo-medico-do-trabalho\/","title":{"rendered":"Preven\u00e7\u00e3o aos acidentes ocupacionais passam pelo m\u00e9dico do trabalho"},"content":{"rendered":"<p>O dia 27 de julho \u00e9 dedicado \u00e0 Preven\u00e7\u00e3o de Acidentes do Trabalho em todo o Brasil. Apesar dos avan\u00e7os ocorridos no pa\u00eds, ainda existe muito a ser feito nesse assunto. Para a presidente da Associa\u00e7\u00e3o Nacional da Medicina do Trabalho (Anamt), Rosylane Rocha, o Brasil, felizmente, diminuiu o n\u00famero de acidentes gra\u00e7as \u00e0 dedica\u00e7\u00e3o dos m\u00e9dicos do trabalho e demais profissionais de SST. Mas entende que \u00e9 \u201cindispens\u00e1vel continuar o trabalho e levar aos empregadores dados reais dos benef\u00edcios alcan\u00e7ados com o investimento em seguran\u00e7a e sa\u00fade no trabalho\u201d.<\/p>\n<p>\u201cContra n\u00fameros n\u00e3o h\u00e1 argumentos falaciosos\u201d, afirma Rosylane. Para ela, investir em preven\u00e7\u00e3o de acidentes, capacita\u00e7\u00e3o, EPI individual e coletivo e assist\u00eancia integral \u00e0 sa\u00fade do trabalhador resulta em menos acidentes, menos adoecimento e mais satisfa\u00e7\u00e3o com o trabalho. \u201cPara a sociedade, este investimento tamb\u00e9m retorna em menos custo nos servi\u00e7os de sa\u00fade. Tudo isto associado a uma organiza\u00e7\u00e3o de trabalho que respeite os limites do ser humano em um ambiente harm\u00f4nico e respeitoso\u201d, afirma.<\/p>\n<p>E lembra que cabe ao m\u00e9dico do trabalho avaliar, reduzir ou eliminar os riscos de acidentes e doen\u00e7as. \u201cEsta fun\u00e7\u00e3o \u00e9 cont\u00ednua, j\u00e1 que o m\u00e9dico do trabalho avalia constantemente a sa\u00fade dos trabalhadores e assim pode perceber eventuais nexos entre quest\u00f5es de sa\u00fade da popula\u00e7\u00e3o de funcion\u00e1rios e algum poss\u00edvel risco no ambiente das empresas\u201d.<\/p>\n<p>O m\u00e9dico do trabalho, de acordo com Rosylane, tamb\u00e9m promove a\u00e7\u00f5es, campanhas e mudan\u00e7as de comportamento em dire\u00e7\u00e3o \u00e0 sa\u00fade integral. Alguns exemplos s\u00e3o campanhas antitabagismo, de controle da obesidade, hipertens\u00e3o, entre outros. \u201cMuitas vezes, esse trabalho extrapola o ambiente das empresas e chega \u00e0s fam\u00edlias dos funcion\u00e1rios, em um impacto positivo bastante amplo\u201d.<\/p>\n<p>Al\u00e9m disso, lembra a presidente da Anamt, o m\u00e9dico do trabalho \u00e9 o mais f\u00e1cil e r\u00e1pido acesso \u00e0 assist\u00eancia prim\u00e1ria de sa\u00fade para cerca de 40 milh\u00f5es de trabalhadores. \u201cOs brasileiros adoecem e morrem de doen\u00e7as cr\u00f4nicas que podem ser bem controladas se diagnosticadas e tratadas precocemente, e com orienta\u00e7\u00e3o adequada podem ser evitadas\u201d, alerta. \u201cTodo contexto do trabalho pode ter repercuss\u00e3o sobre a sa\u00fade do trabalhador e, mais uma vez, o m\u00e9dico do trabalho tem papel fundamental dentro das empresas ou no SUS\u201d.<\/p>\n<p>Atualmente existe um projeto de lei (PL) na C\u00e2mara dos Deputados que acaba com a exig\u00eancia dos exames admissionais, demissionais. Se aprovado, de acordo com Rosylane, isso vai afetar a preven\u00e7\u00e3o de acidentes de trabalho.. \u201cOs exames ocupacionais s\u00e3o indispens\u00e1veis e s\u00e3o uma ferramenta epidemiol\u00f3gica valiosa dentro do contexto da sa\u00fade do trabalhador\u201d, garante.<\/p>\n<p>Ela refor\u00e7a que durante o exame ocupacional, o m\u00e9dico do trabalho pode fazer diagn\u00f3sticos precoces que podem salvar a vida de um trabalhador. \u201cN\u00e3o se trata de exame simpl\u00f3rio, ao contr\u00e1rio do que tentam divulgar. Diminuir a import\u00e2ncia do exame ocupacional e, ainda pior, acabar com a exig\u00eancia desses exames \u00e9 atentar contra a integridade da sa\u00fade do trabalhador e causar imenso preju\u00edzo aos empregadores, ao sistema de sa\u00fade e \u00e0 previd\u00eancia\u201d, afirma.<\/p>\n<p><em>Fonte: Revista Cipa<\/em><\/p>\n","protected":false},"excerpt":{"rendered":"<p>O dia 27 de julho \u00e9 dedicado \u00e0 Preven\u00e7\u00e3o de Acidentes do Trabalho em todo o Brasil. Apesar dos avan\u00e7os ocorridos no pa\u00eds, ainda existe muito a ser feito nesse assunto. Para a presidente da Associa\u00e7\u00e3o Nacional da Medicina do Trabalho (Anamt), Rosylane Rocha, o Brasil, felizmente, diminuiu o n\u00famero de acidentes gra\u00e7as \u00e0 dedica\u00e7\u00e3o [&hellip;]<\/p>\n","protected":false},"author":1,"featured_media":40875,"comment_status":"closed","ping_status":"closed","sticky":false,"template":"","format":"standard","meta":{"footnotes":""},"categories":[80],"tags":[],"_links":{"self":[{"href":"https:\/\/www.anamt.org.br\/portal\/wp-json\/wp\/v2\/posts\/42684"}],"collection":[{"href":"https:\/\/www.anamt.org.br\/portal\/wp-json\/wp\/v2\/posts"}],"about":[{"href":"https:\/\/www.anamt.org.br\/portal\/wp-json\/wp\/v2\/types\/post"}],"author":[{"embeddable":true,"href":"https:\/\/www.anamt.org.br\/portal\/wp-json\/wp\/v2\/users\/1"}],"replies":[{"embeddable":true,"href":"https:\/\/www.anamt.org.br\/portal\/wp-json\/wp\/v2\/comments?post=42684"}],"version-history":[{"count":0,"href":"https:\/\/www.anamt.org.br\/portal\/wp-json\/wp\/v2\/posts\/42684\/revisions"}],"wp:featuredmedia":[{"embeddable":true,"href":"https:\/\/www.anamt.org.br\/portal\/wp-json\/wp\/v2\/media\/40875"}],"wp:attachment":[{"href":"https:\/\/www.anamt.org.br\/portal\/wp-json\/wp\/v2\/media?parent=42684"}],"wp:term":[{"taxonomy":"category","embeddable":true,"href":"https:\/\/www.anamt.org.br\/portal\/wp-json\/wp\/v2\/categories?post=42684"},{"taxonomy":"post_tag","embeddable":true,"href":"https:\/\/www.anamt.org.br\/portal\/wp-json\/wp\/v2\/tags?post=42684"}],"curies":[{"name":"wp","href":"https:\/\/api.w.org\/{rel}","templated":true}]}}