{"id":42554,"date":"2021-07-06T12:55:16","date_gmt":"2021-07-06T15:55:16","guid":{"rendered":"https:\/\/www.anamt.org.br\/portal\/?p=42554"},"modified":"2021-07-06T12:55:16","modified_gmt":"2021-07-06T15:55:16","slug":"livro-traz-orientacoes-para-controle-de-exposicao-dermica-a-produtos-quimicos-2","status":"publish","type":"post","link":"https:\/\/www.anamt.org.br\/portal\/2021\/07\/06\/livro-traz-orientacoes-para-controle-de-exposicao-dermica-a-produtos-quimicos-2\/","title":{"rendered":"Livro traz orienta\u00e7\u00f5es para controle de exposi\u00e7\u00e3o d\u00e9rmica a produtos qu\u00edmicos"},"content":{"rendered":"<p>A edi\u00e7\u00e3o revisada do livro \u201cOrienta\u00e7\u00f5es B\u00e1sicas para Controle da Exposi\u00e7\u00e3o D\u00e9rmica a Produtos Qu\u00edmicos\u201d est\u00e1 <a href=\"http:\/\/arquivosbiblioteca.fundacentro.gov.br\/exlibris\/aleph\/a23_1\/apache_media\/NPSGGM9PXASF3IYJXNCAB81EVT6GB6.pdf\" target=\"_blank\" rel=\"noopener\">dispon\u00edvel em formato digital na Biblioteca da Fundacentro<\/a>. Esta \u00e9 a quarta publica\u00e7\u00e3o da s\u00e9rie \u201cAvalia\u00e7\u00e3o Qualitativa de Riscos Qu\u00edmicos\u201d, que tamb\u00e9m traz produ\u00e7\u00f5es voltadas para fundi\u00e7\u00f5es, gr\u00e1ficas e uma edi\u00e7\u00e3o com orienta\u00e7\u00f5es b\u00e1sicas para o controle da exposi\u00e7\u00e3o a produtos qu\u00edmicos de forma geral.<\/p>\n<p>Na avalia\u00e7\u00e3o da autora, Marcela Gerardo Ribeiro, tecnologista da Fundacentro e doutora em Qu\u00edmica pela USP (Universidade de S\u00e3o Paulo), o material elaborado \u00e9 autoexplicativo e baseado no conceito conhecido como \u201ccontrol banding\u201d, que categoriza danos, exposi\u00e7\u00e3o, riscos e controles em faixas. Os manuais foram desenvolvidos para facilitar a recomenda\u00e7\u00e3o de a\u00e7\u00f5es preventivas, \u201csem esperar por avalia\u00e7\u00f5es complexas e dispendiosas\u201d. Permitem, assim, \u201ctomadas de decis\u00e3o quanto \u00e0 exposi\u00e7\u00e3o e controle, mesmo em situa\u00e7\u00f5es n\u00e3o \u00f3bvias\u201d.<\/p>\n<p>A publica\u00e7\u00e3o \u00e9 dividida em tr\u00eas partes. A primeira apresenta a estrutura b\u00e1sica da ferramenta para auxiliar na an\u00e1lise e no gerenciamento dos riscos \u00e0 sa\u00fade decorrentes da exposi\u00e7\u00e3o d\u00e9rmica ocupacional aos produtos qu\u00edmicos perigosos, suas caracter\u00edsticas e limita\u00e7\u00f5es. A segunda traz o instrumento de coleta de dados, no qual o usu\u00e1rio pode registrar a avalia\u00e7\u00e3o realizada, e a terceira apresenta as fichas-resumo, em que podem ser colocadas o resumo da avalia\u00e7\u00e3o.<\/p>\n<h3>Exposi\u00e7\u00e3o e controle<\/h3>\n<p>Segundo o livro, \u201co usu\u00e1rio \u00e9 conduzido ao resultado atrav\u00e9s de uma s\u00e9rie de perguntas relativas \u00e0s propriedades dos produtos qu\u00edmicos, que auxiliar\u00e3o na categoriza\u00e7\u00e3o do perigo em uso, e \u00e0s condi\u00e7\u00f5es de trabalho, que determinar\u00e3o a exposi\u00e7\u00e3o. Os resultados, por sua vez, s\u00e3o apresentados em categorias de perigo e exposi\u00e7\u00e3o que permitem uma estimativa aproximada do risco \u00e0 sa\u00fade decorrente da exposi\u00e7\u00e3o d\u00e9rmica\u201d.<\/p>\n<p>Para tanto, consideram-se tr\u00eas principais rotas de exposi\u00e7\u00e3o, que contribuem em propor\u00e7\u00f5es distintas para a exposi\u00e7\u00e3o d\u00e9rmica em fun\u00e7\u00e3o da atividade realizada: deposi\u00e7\u00e3o, sobre o corpo, de um produto disperso no ar; contato direto da pele com produto qu\u00edmico; contato por meio de superf\u00edcies contaminadas.<\/p>\n<p>\u201cA exposi\u00e7\u00e3o estimada pode ainda ser modificada (aumentada ou reduzida) em fun\u00e7\u00e3o das propriedades f\u00edsico-qu\u00edmicas dos produtos, da exist\u00eancia ou aus\u00eancia de controles de engenharia e dos procedimentos operacionais adotados\u201d, explica Marcela. \u201cO manual conduz o leitor de modo a ter o valor estimado da exposi\u00e7\u00e3o\u201d, completa.<\/p>\n<p>\u201cSe o perigo, a exposi\u00e7\u00e3o ou o risco avaliados mostraram-se inaceit\u00e1veis, a ferramenta sugere a\u00e7\u00f5es de controle para reduzir o perigo (por substitui\u00e7\u00e3o dos produtos) ou para reduzir a exposi\u00e7\u00e3o (controles de engenharia, reestrutura\u00e7\u00e3o organizacional, EPI e capacita\u00e7\u00e3o pessoal)\u201d, conclui a autora.<\/p>\n<p><em>Fonte: Fundacentro<\/em><\/p>\n","protected":false},"excerpt":{"rendered":"<p>A edi\u00e7\u00e3o revisada do livro \u201cOrienta\u00e7\u00f5es B\u00e1sicas para Controle da Exposi\u00e7\u00e3o D\u00e9rmica a Produtos Qu\u00edmicos\u201d est\u00e1 dispon\u00edvel em formato digital na Biblioteca da Fundacentro. Esta \u00e9 a quarta publica\u00e7\u00e3o da s\u00e9rie \u201cAvalia\u00e7\u00e3o Qualitativa de Riscos Qu\u00edmicos\u201d, que tamb\u00e9m traz produ\u00e7\u00f5es voltadas para fundi\u00e7\u00f5es, gr\u00e1ficas e uma edi\u00e7\u00e3o com orienta\u00e7\u00f5es b\u00e1sicas para o controle da exposi\u00e7\u00e3o [&hellip;]<\/p>\n","protected":false},"author":1,"featured_media":31602,"comment_status":"closed","ping_status":"closed","sticky":false,"template":"","format":"standard","meta":{"footnotes":""},"categories":[80],"tags":[],"_links":{"self":[{"href":"https:\/\/www.anamt.org.br\/portal\/wp-json\/wp\/v2\/posts\/42554"}],"collection":[{"href":"https:\/\/www.anamt.org.br\/portal\/wp-json\/wp\/v2\/posts"}],"about":[{"href":"https:\/\/www.anamt.org.br\/portal\/wp-json\/wp\/v2\/types\/post"}],"author":[{"embeddable":true,"href":"https:\/\/www.anamt.org.br\/portal\/wp-json\/wp\/v2\/users\/1"}],"replies":[{"embeddable":true,"href":"https:\/\/www.anamt.org.br\/portal\/wp-json\/wp\/v2\/comments?post=42554"}],"version-history":[{"count":0,"href":"https:\/\/www.anamt.org.br\/portal\/wp-json\/wp\/v2\/posts\/42554\/revisions"}],"wp:featuredmedia":[{"embeddable":true,"href":"https:\/\/www.anamt.org.br\/portal\/wp-json\/wp\/v2\/media\/31602"}],"wp:attachment":[{"href":"https:\/\/www.anamt.org.br\/portal\/wp-json\/wp\/v2\/media?parent=42554"}],"wp:term":[{"taxonomy":"category","embeddable":true,"href":"https:\/\/www.anamt.org.br\/portal\/wp-json\/wp\/v2\/categories?post=42554"},{"taxonomy":"post_tag","embeddable":true,"href":"https:\/\/www.anamt.org.br\/portal\/wp-json\/wp\/v2\/tags?post=42554"}],"curies":[{"name":"wp","href":"https:\/\/api.w.org\/{rel}","templated":true}]}}