{"id":42489,"date":"2021-06-17T13:24:47","date_gmt":"2021-06-17T16:24:47","guid":{"rendered":"https:\/\/www.anamt.org.br\/portal\/?p=42489"},"modified":"2021-06-18T13:32:06","modified_gmt":"2021-06-18T16:32:06","slug":"numero-de-criancas-vitimas-de-acidente-de-trabalho-cresceu-30-em-2020","status":"publish","type":"post","link":"https:\/\/www.anamt.org.br\/portal\/2021\/06\/17\/numero-de-criancas-vitimas-de-acidente-de-trabalho-cresceu-30-em-2020\/","title":{"rendered":"N\u00famero de crian\u00e7as v\u00edtimas de acidente de trabalho cresceu 30% em 2020"},"content":{"rendered":"<p>O n\u00famero de crian\u00e7as brasileiras de 5 a 13 anos de idade que sofreram acidentes graves enquanto desempenhavam alguma atividade que pode ser classificada como trabalho infantil aumentou em 30% entre 2019 e 2020.<\/p>\n<p>Dados atualizados do Observat\u00f3rio da Preven\u00e7\u00e3o e da Erradica\u00e7\u00e3o do Trabalho Infantil, divulgados hoje (17), apontam que as ocorr\u00eancias registradas no Sistema de Informa\u00e7\u00e3o de Agravos de Notifica\u00e7\u00e3o (Sinan), do Minist\u00e9rio da Sa\u00fade, saltaram de 83, em 2019, para 108 notifica\u00e7\u00f5es em 2020.<\/p>\n<p>O resultado do ano passado \u00e9 o pior registrado desde 2007, superando as 104 notifica\u00e7\u00f5es de 2011.<\/p>\n<p>O mais preocupante, na avalia\u00e7\u00e3o de especialistas, \u00e9 que o resultado n\u00e3o representa a real dimens\u00e3o do problema, j\u00e1 que a subnotifica\u00e7\u00e3o \u00e9 um dos aspectos inerentes ao trabalho infantil, destacou o subsecret\u00e1rio de Pesquisa e Desenvolvimento da Secretaria de Pesquisa e An\u00e1lise de Informa\u00e7\u00f5es do Minist\u00e9rio P\u00fablico do Trabalho (MPT), o procurador Luis Fabiano de Assis.<\/p>\n<p>\u201cA necessidade de pol\u00edticas p\u00fablicas baseadas em evid\u00eancias \u00e9 clara. Nosso [do Observat\u00f3rio] objetivo \u00e9 maximizar a possibilidade de uma decis\u00e3o de pol\u00edtica p\u00fablica de aloca\u00e7\u00e3o de recursos, prioriza\u00e7\u00e3o, enfrentamento, combate, pris\u00f5es, atua\u00e7\u00e3o do Estado e da sociedade civil, e de todas estas a\u00e7\u00f5es serem efetivas\u201d, disse Assis ao justificar a import\u00e2ncia dos dados reunidos pelo projeto conjunto do MPT e da Organiza\u00e7\u00e3o Internacional do Trabalho (OIT).<\/p>\n<p>Mais de 30% das den\u00fancias de trabalho infantil que chegam ao conhecimento das autoridades p\u00fablicas por meio do Disque Direitos Humanos (Disque 100) dizem respeito ao trabalho infantil dom\u00e9stico. Cerca de 15% tratam do aliciamento de crian\u00e7as e adolescentes pelo narcotr\u00e1fico.<\/p>\n<p>J\u00e1 a Ouvidoria Nacional de Direitos Humanos indica que, entre 2012 e 2018, houve uma m\u00e9dia de 6.459 protocolos de den\u00fancias anuais de explora\u00e7\u00e3o do trabalho infantil. Em 2019, este n\u00famero caiu para 4.246. Em 2020, mais uma queda e o registro de 2.371 den\u00fancias.<\/p>\n<p>&#8220;\u00c9 necess\u00e1ria uma avalia\u00e7\u00e3o mais profunda. Talvez, tenhamos aqui uma tend\u00eancia \u00e0 subnotifica\u00e7\u00e3o, como est\u00e1 acontecendo em rela\u00e7\u00e3o aos casos de viol\u00eancia em geral contra crian\u00e7as e adolescentes, considerando o distanciamento que esta crian\u00e7a teve da escola devido \u00e0 pandemia&#8221;, afirmou o secret\u00e1rio dos Direitos da Crian\u00e7a e Adolescentes, Maur\u00edcio Cunha.<\/p>\n<h3>Jovens<\/h3>\n<p>Entre adolescentes de 14 a 17 anos com v\u00ednculo empregat\u00edcio, foram registradas, em 2020, 556 notifica\u00e7\u00f5es de acidentes de trabalho em geral (e n\u00e3o apenas graves), de acordo com o Observat\u00f3rio da Preven\u00e7\u00e3o e da Erradica\u00e7\u00e3o do Trabalho Infantil,. Menos da metade das 1.202 ocorr\u00eancias de 2019.<\/p>\n<p>Para Assis, contudo, a redu\u00e7\u00e3o n\u00e3o \u00e9 resultado de medidas para assegurar a integridade dos aprendizes.<\/p>\n<p>\u201cCom o fechamento de empresas [devido \u00e0 pandemia], houve uma redu\u00e7\u00e3o do n\u00famero de postos de trabalho. Talvez o n\u00famero destas notifica\u00e7\u00f5es tenha diminu\u00eddo devido \u00e0 redu\u00e7\u00e3o [dos postos de trabalho em] que os adolescentes se exp\u00f5em [aos riscos]\u201d, disse o subsecret\u00e1rio, afirmando que, no geral, os resultados compilados pelo observat\u00f3rio em 2020 s\u00e3o piores que os de 2019.<\/p>\n<p>\u201cN\u00e3o podemos esperar que quase nenhum dos dados tenha melhorado [em 2020] durante a pandemia, com exce\u00e7\u00e3o, talvez, dos de acidentes de trabalho [gerais] no setor formal\u201d.<\/p>\n<p>As informa\u00e7\u00f5es compiladas pelo observat\u00f3rio tamb\u00e9m revelam que, entre 2012 e 2020, ao menos 46 adolescentes regularmente contratados morreram em consequ\u00eancia de acidentes de trabalho. Tr\u00eas destes \u00f3bitos ocorreram em 2020. Um, em 2019. O pior resultado do per\u00edodo, no entanto, ocorreu em 2012, quando 12 adolescentes perderam a vida trabalhando.<\/p>\n<p>Um em cada cinco dos 18,8 mil acidentes envolvendo jovens de 14 a 17 anos com v\u00ednculo empregat\u00edcio entre 2012 e 2020 foi causado por ve\u00edculos de transporte (21% do total). Em seguida, vem a opera\u00e7\u00e3o de m\u00e1quinas e equipamentos (18%), tombos (13%), mobili\u00e1rio e acess\u00f3rios (10%), agente qu\u00edmico (9%), ferramentas manuais (8%), quedas de altura (7%), motocicleta (6%), entre outras causas.<\/p>\n<p>Entre as atividades econ\u00f4micas que mais causaram acidentes entre adolescentes figuravam o com\u00e9rcio varejista de mercadorias em geral, com predomin\u00e2ncia de produtos aliment\u00edcios &#8211; hipermercados e supermercados (21%), restaurantes e outros estabelecimentos de servi\u00e7os de alimenta\u00e7\u00e3o e bebidas (9%) e servi\u00e7os de assist\u00eancia social sem alojamento (4%).<\/p>\n<p>As informa\u00e7\u00f5es podem ser consultados na plataforma <a href=\"https:\/\/smartlabbr.org\/\" target=\"_blank\" rel=\"noopener\">SmartLab<\/a>.<\/p>\n<h3>Preju\u00edzos<\/h3>\n<p>Durante o semin\u00e1rio digital que o MPT realizou esta manh\u00e3 para apresentar os resultados, o secret\u00e1rio Nacional dos Direitos da Crian\u00e7a e Adolescentes, Maur\u00edcio Cunha, afirmou que o ingresso precoce no mercado de trabalho de forma indevida, sem acompanhamento, oferece consequ\u00eancias que v\u00e3o al\u00e9m dos riscos \u00e0 integridade f\u00edsica.<\/p>\n<p>\u201cAl\u00e9m de reproduzir o ciclo de pobreza familiar, o trabalho infantil prejudica a aprendizagem, quando n\u00e3o a tira [a crian\u00e7a ou o adolescente] da escola e a torna vulner\u00e1vel, em diversos aspectos, incluindo sa\u00fade, exposi\u00e7\u00e3o \u00e0 viol\u00eancia, ass\u00e9dio sexual, esfor\u00e7os f\u00edsicos intensos, acidentes, entre outros. Quanto mais precoce a entrada no mercado de trabalho, menor \u00e9 a renda obtida ao longo da vida adulta\u201d, comentou o representante do Minist\u00e9rio da Mulher, Fam\u00edlia e Direitos Humanos, afirmando que o trabalho infantil perpetua \u201cos altos n\u00edveis de desigualdade social\u201d.<\/p>\n<p>No mesmo sentido, a secret\u00e1ria executiva do F\u00f3rum Nacional de Preven\u00e7\u00e3o e Erradica\u00e7\u00e3o do Trabalho Infantil, Isa de Oliveira, falou sobre o desafio de o Estado brasileiro oferecer \u00e0s fam\u00edlias condi\u00e7\u00f5es de manter as crian\u00e7as estudando e em seguran\u00e7a integral \u201cem meio a um cen\u00e1rio nada otimista\u201d.<\/p>\n<p>\u201cAl\u00e9m do desafio de incluir as crian\u00e7as que j\u00e1 n\u00e3o estavam [matriculadas] nas escolas, temos agora que [resgatar] aquelas que se afastaram em consequ\u00eancia da exclus\u00e3o digital e das dificuldades familiares. Esta ser\u00e1 uma estrat\u00e9gia importante para enfrentarmos o trabalho infantil\u201d, destacou Isa, enfatizando que a pobreza \u00e9 uma causa estrutural do trabalho infantil que s\u00f3 pode ser enfrentada com pol\u00edticas de prote\u00e7\u00e3o social \u00e0 popula\u00e7\u00e3o.<\/p>\n<p>\u201cTemos que estabelecer um patamar de compreens\u00e3o e de consenso de que o trabalho infantil e seu aumento n\u00e3o acontecem por acaso. Isso resulta de decis\u00f5es pol\u00edticas, de omiss\u00f5es, que levam e motivam o agravamento desta viola\u00e7\u00e3o aos direitos humanos e fundamentais de crian\u00e7as e adolescentes. \u00c9 necess\u00e1rio exigir a efetiva implementa\u00e7\u00e3o de pol\u00edticas p\u00fablicas [de assist\u00eancia]\u201d, disse a secret\u00e1ria.<\/p>\n<p><em>Fonte: Ag\u00eancia Brasil<\/em><\/p>\n","protected":false},"excerpt":{"rendered":"<p>O n\u00famero de crian\u00e7as brasileiras de 5 a 13 anos de idade que sofreram acidentes graves enquanto desempenhavam alguma atividade que pode ser classificada como trabalho infantil aumentou em 30% entre 2019 e 2020. Dados atualizados do Observat\u00f3rio da Preven\u00e7\u00e3o e da Erradica\u00e7\u00e3o do Trabalho Infantil, divulgados hoje (17), apontam que as ocorr\u00eancias registradas no [&hellip;]<\/p>\n","protected":false},"author":1,"featured_media":26508,"comment_status":"closed","ping_status":"closed","sticky":false,"template":"","format":"standard","meta":{"footnotes":""},"categories":[80],"tags":[],"_links":{"self":[{"href":"https:\/\/www.anamt.org.br\/portal\/wp-json\/wp\/v2\/posts\/42489"}],"collection":[{"href":"https:\/\/www.anamt.org.br\/portal\/wp-json\/wp\/v2\/posts"}],"about":[{"href":"https:\/\/www.anamt.org.br\/portal\/wp-json\/wp\/v2\/types\/post"}],"author":[{"embeddable":true,"href":"https:\/\/www.anamt.org.br\/portal\/wp-json\/wp\/v2\/users\/1"}],"replies":[{"embeddable":true,"href":"https:\/\/www.anamt.org.br\/portal\/wp-json\/wp\/v2\/comments?post=42489"}],"version-history":[{"count":0,"href":"https:\/\/www.anamt.org.br\/portal\/wp-json\/wp\/v2\/posts\/42489\/revisions"}],"wp:featuredmedia":[{"embeddable":true,"href":"https:\/\/www.anamt.org.br\/portal\/wp-json\/wp\/v2\/media\/26508"}],"wp:attachment":[{"href":"https:\/\/www.anamt.org.br\/portal\/wp-json\/wp\/v2\/media?parent=42489"}],"wp:term":[{"taxonomy":"category","embeddable":true,"href":"https:\/\/www.anamt.org.br\/portal\/wp-json\/wp\/v2\/categories?post=42489"},{"taxonomy":"post_tag","embeddable":true,"href":"https:\/\/www.anamt.org.br\/portal\/wp-json\/wp\/v2\/tags?post=42489"}],"curies":[{"name":"wp","href":"https:\/\/api.w.org\/{rel}","templated":true}]}}