{"id":42435,"date":"2021-06-07T20:25:15","date_gmt":"2021-06-07T23:25:15","guid":{"rendered":"https:\/\/www.anamt.org.br\/portal\/?p=42435"},"modified":"2021-06-07T20:26:03","modified_gmt":"2021-06-07T23:26:03","slug":"mais-um-passo-para-a-regularizacao-da-anamt","status":"publish","type":"post","link":"https:\/\/www.anamt.org.br\/portal\/2021\/06\/07\/mais-um-passo-para-a-regularizacao-da-anamt\/","title":{"rendered":"Mais um passo para a regulariza\u00e7\u00e3o da ANAMT"},"content":{"rendered":"<p>Estimados Associados, \u00e9 com imensa alegria e satisfa\u00e7\u00e3o que daremos mais um passo para a regulariza\u00e7\u00e3o da nossa Associa\u00e7\u00e3o perante o cart\u00f3rio competente em S\u00e3o Paulo.<\/p>\n<p>Ao longo das \u00faltimas duas d\u00e9cadas os documentos oficiais da ANAMT foram registrados nos mais diversos cart\u00f3rios do pa\u00eds, fazendo com que cidade sede da ANAMT, onde fora fundada e onde se encontra o seu patrim\u00f4nio, ficasse carente de registros de v\u00e1rios documentos como atas de posse, altera\u00e7\u00e3o estatut\u00e1ria, etc.<\/p>\n<p>Diante disso, a hist\u00f3ria da ANAMT em S\u00e3o Paulo deixou de ser contada perante o cart\u00f3rio competente. Desse modo, nossa diretoria resolveu enfrentar os mais de 20 anos de aus\u00eancia de registros de documenta\u00e7\u00e3o em S\u00e3o Paulo. N\u00e3o foi uma tarefa f\u00e1cil. Primeiro porque h\u00e1 20 anos que a ANAMT n\u00e3o detinha um administrador registrado no cart\u00f3rio, havendo a necessidade do Poder Judici\u00e1rio me nomear para a \u00e1rdua tarefa de administrar a associa\u00e7\u00e3o perante o cart\u00f3rio.<\/p>\n<p>Entre idas e vindas da ANAMT com o cart\u00f3rio de S\u00e3o Paulo, chegou-se ent\u00e3o \u00e0 realiza\u00e7\u00e3o da assembleia de mar\u00e7o de 2020. A pandemia estava iniciando no pa\u00eds, e os m\u00e9dicos associados fizeram um esfor\u00e7o enorme para que a assembleia acontecesse e d\u00e9ssemos mais um passo na regulariza\u00e7\u00e3o. A assembleia foi um sucesso e demos um salto muito grande para a regulariza\u00e7\u00e3o documental.<\/p>\n<p>Apesar disso, como dito, s\u00e3o mais de 20 anos que precisamos regularizar e, portanto, do ano passado para c\u00e1, in\u00fameras reuni\u00f5es foram feitas com o cart\u00f3rio de S\u00e3o Paulo at\u00e9 que recebemos a orienta\u00e7\u00e3o formal dos procedimentos a serem adotados.<\/p>\n<p>Primeiro devemos rerratificar a ata do ano passado, ou seja, reafirm\u00e1-la para acrescentar apenas documentos anexos, quais sejam, as atas de todos os presidentes das gest\u00f5es passadas para que a hist\u00f3ria da ANAMT fique registrada. Esses documentos j\u00e1 foram montados e o cart\u00f3rio deu o seu \u201cok\u201d para a valida\u00e7\u00e3o.<\/p>\n<p>Al\u00e9m disso, precisamos reformar o \u00faltimo estatuto registrado no cart\u00f3rio de S\u00e3o Paulo\/SP, qual seja, o de 1997, com as leis atuais e a realidade da nossa associa\u00e7\u00e3o.<\/p>\n<p>Por fim, a reforma do estatuto traz um ponto muito importante para o cart\u00f3rio e para a associa\u00e7\u00e3o: tempo de gest\u00e3o da Diretoria atual. Entre a posse da atual Diretoria e o seu efetivo exerc\u00edcio decorreram meses, justamente devido \u00e0 aus\u00eancia de registros anteriores de documentos no cart\u00f3rio de S\u00e3o Paulo.<\/p>\n<p>A diretoria atual entende que a proposta de reforma do estatuto vem a atender as necessidades atuais da associa\u00e7\u00e3o e um passo enorme para a regulariza\u00e7\u00e3o da ANAMT. Contamos com o empenho de todos os nossos associado e efetiva participa\u00e7\u00e3o na Assembleia Geral Extraordin\u00e1ria.<\/p>\n<p>Acompanhe as informa\u00e7\u00f5es pelo portal da ANAMT.<\/p>\n<p><img decoding=\"async\" class=\"wp-image-39880 size-full alignleft\" src=\"https:\/\/www.anamt.org.br\/portal\/wp-content\/uploads\/2020\/03\/coluna_da_presidente_assinatura_133x200_v2.jpg\" alt=\"\" width=\"133\" height=\"200\" \/><\/p>\n<p><strong>Dra. Rosylane Merc\u00eas Rocha<br \/>\n<\/strong><strong>Presidente da ANAMT (2019-2022)<\/strong><\/p>\n","protected":false},"excerpt":{"rendered":"<p>Estimados Associados, \u00e9 com imensa alegria e satisfa\u00e7\u00e3o que daremos mais um passo para a regulariza\u00e7\u00e3o da nossa Associa\u00e7\u00e3o perante o cart\u00f3rio competente em S\u00e3o Paulo. Ao longo das \u00faltimas duas d\u00e9cadas os documentos oficiais da ANAMT foram registrados nos mais diversos cart\u00f3rios do pa\u00eds, fazendo com que cidade sede da ANAMT, onde fora fundada [&hellip;]<\/p>\n","protected":false},"author":1,"featured_media":39051,"comment_status":"closed","ping_status":"closed","sticky":false,"template":"","format":"standard","meta":{"footnotes":""},"categories":[86],"tags":[],"_links":{"self":[{"href":"https:\/\/www.anamt.org.br\/portal\/wp-json\/wp\/v2\/posts\/42435"}],"collection":[{"href":"https:\/\/www.anamt.org.br\/portal\/wp-json\/wp\/v2\/posts"}],"about":[{"href":"https:\/\/www.anamt.org.br\/portal\/wp-json\/wp\/v2\/types\/post"}],"author":[{"embeddable":true,"href":"https:\/\/www.anamt.org.br\/portal\/wp-json\/wp\/v2\/users\/1"}],"replies":[{"embeddable":true,"href":"https:\/\/www.anamt.org.br\/portal\/wp-json\/wp\/v2\/comments?post=42435"}],"version-history":[{"count":0,"href":"https:\/\/www.anamt.org.br\/portal\/wp-json\/wp\/v2\/posts\/42435\/revisions"}],"wp:featuredmedia":[{"embeddable":true,"href":"https:\/\/www.anamt.org.br\/portal\/wp-json\/wp\/v2\/media\/39051"}],"wp:attachment":[{"href":"https:\/\/www.anamt.org.br\/portal\/wp-json\/wp\/v2\/media?parent=42435"}],"wp:term":[{"taxonomy":"category","embeddable":true,"href":"https:\/\/www.anamt.org.br\/portal\/wp-json\/wp\/v2\/categories?post=42435"},{"taxonomy":"post_tag","embeddable":true,"href":"https:\/\/www.anamt.org.br\/portal\/wp-json\/wp\/v2\/tags?post=42435"}],"curies":[{"name":"wp","href":"https:\/\/api.w.org\/{rel}","templated":true}]}}