{"id":42357,"date":"2021-05-31T12:48:59","date_gmt":"2021-05-31T15:48:59","guid":{"rendered":"https:\/\/www.anamt.org.br\/portal\/?p=42357"},"modified":"2021-05-31T12:57:28","modified_gmt":"2021-05-31T15:57:28","slug":"associacoes-medicas-lancam-campanha-contra-o-tabagismo","status":"publish","type":"post","link":"https:\/\/www.anamt.org.br\/portal\/2021\/05\/31\/associacoes-medicas-lancam-campanha-contra-o-tabagismo\/","title":{"rendered":"Associa\u00e7\u00f5es m\u00e9dicas brasileiras lan\u00e7am campanha contra o tabagismo"},"content":{"rendered":"<p>Entidades de sa\u00fade lan\u00e7aram hoje (26) a campanha Novos produtos, Velhos Problemas para marcar o dia 31 de maio, data em que a Organiza\u00e7\u00e3o Mundial da Sa\u00fade (OMS) definiu como Dia Mundial Sem Tabaco. A campanha n\u00e3o s\u00f3 refor\u00e7a a necessidade de parar de fumar o tradicional cigarro, como alerta sobre os dispositivos eletr\u00f4nicos para fumar (DEFs), categoria que engloba os cigarros eletr\u00f4nicos, de tabaco aquecido, vaporizadores e outros.<\/p>\n<p>Segundo o presidente da Associa\u00e7\u00e3o M\u00e9dica Brasileira (AMB), Eduardo Fernandes, \u00e9 importante lembrar que as evid\u00eancias at\u00e9 o momento indicam que o tabagismo oferece maior risco de agravamento para os pacientes da covid-19. &#8220;Isso certamente influencia as taxas de mortalidade por covid-19, portanto \u00e9 um bom motivo para alertar as pessoas a pararem de fumar. Aproveite a pandemia para parar de fumar, porque muitos est\u00e3o inclusive fumando mais neste per\u00edodo&#8221;.<\/p>\n<p>Fernandes ressalta que o tabagismo \u00e9 uma doen\u00e7a cr\u00f4nica com repercuss\u00f5es sobre a sa\u00fade de modo geral e respons\u00e1vel por um alto \u00edndice de mortes. &#8220;Acredito at\u00e9 que seja subquantificado [o n\u00famero de mortes], porque muitas doen\u00e7as que t\u00eam outras causas de mortalidade, t\u00eam como um dos componentes etiopatog\u00eanicos o tabagismo. Estima-se que 8 milh\u00f5es de pessoas morram no mundo por ano em fun\u00e7\u00e3o direta do fumo, incluindo os fumantes passivos, aqueles que compartilham o mesmo ambiente dos que fumam&#8221;, disse o presidente da AMB, C\u00e9sar Eduardo Fernandes.<\/p>\n<p>Para o vice-presidente da comiss\u00e3o de combate ao tabagismo da AMB, Ricardo Meirelles, \u00e9 preciso que os m\u00e9dicos ajudem seus pacientes a pararem de fumar, fazendo com que todos se disponham a isso. &#8220;Sabemos da dificuldade que as pessoas t\u00eam em parar de fumar, porque \u00e9 uma depend\u00eancia qu\u00edmica, causada pela nicotina que \u00e9 uma droga pesada. Pelo menos 90% dos fumantes s\u00e3o dependentes da nicotina, por fatores emocionais e comportamentais&#8221;, afirmou.<\/p>\n<p>De acordo com Meirelles, al\u00e9m de aumentar em duas a tr\u00eas vezes o risco de desenvolver uma forma mais grave da covid-19 devido \u00e0 diminui\u00e7\u00e3o das defesas e aumento da inflama\u00e7\u00e3o pulmonar, maior risco de trombose e redu\u00e7\u00e3o da oxigena\u00e7\u00e3o dos tecidos, os tabagistas podem desenvolver outras 55 doen\u00e7as relacionadas ao fumo. &#8220;Falamos de uma grande pandemia que \u00e9 o Sars-Cov-2, mas n\u00e3o podemos esquecer do 1,3 milh\u00e3o de fumantes no mundo. N\u00e3o existe nenhum \u00f3rg\u00e3o que n\u00e3o seja afetado diretamente pelas sete mil subst\u00e2ncias presentes no cigarro&#8221;, ressaltou.<\/p>\n<p>A campanha \u00e9 feita em parceria entre a AMB, a ACT Promo\u00e7\u00e3o da Sa\u00fade, a Sociedade Brasileira de Pneumologia e Tisiologia, a Sociedade Brasileira de Pediatria, a Sociedade Brasileira de Pediatria e a Funda\u00e7\u00e3o do C\u00e2ncer.<\/p>\n<h3>Dispositivos eletr\u00f4nicos para fumar<\/h3>\n<p>O presidente da Funda\u00e7\u00e3o do C\u00e2ncer, Luiz Maltoni, citou ainda o fato de que no Brasil s\u00e3o 160 mil mortes por ano decorrentes do cigarro e que parte das complica\u00e7\u00f5es j\u00e1 pode ser atribu\u00edda ao uso dos chamados DEFs (dispositivos eletr\u00f4nicos para fumar). &#8220;O tema da campanha chama a aten\u00e7\u00e3o para novos produtos, velhos problemas porque ao longo dos anos est\u00e3o mais do que comprovados cientificamente os malef\u00edcios do cigarro e a ind\u00fastria do tabaco tem tentado colocar no mercado brasileiro os cigarros eletr\u00f4nicos, ainda proibidos no pa\u00eds&#8221;.<\/p>\n<p>Maltoni destacou que o apelo da ind\u00fastria do tabaco \u00e9 muito grande para os jovens para captar dependentes o mais cedo. Por isso o tabagismo \u00e9 considerado tamb\u00e9m uma doen\u00e7a pedi\u00e1trica devido \u00e0 m\u00e9dia de idade de in\u00edcio do uso do cigarro:15 anos.<\/p>\n<p>&#8220;A ind\u00fastria foca nisso e desenvolve esses cigarros eletr\u00f4nicos com cara de pen drive, caneta etc exatamente como uma falsa proposta de que seria menos t\u00f3xico e poderia ser utilizado pela pessoa que quisesse parar de fumar. Sabemos que esses dispositivos tem concentra\u00e7\u00e3o de nicotina maior do que o pr\u00f3prio cigarro convencional e produzem uma infinidade de subst\u00e2ncias t\u00f3xicas. S\u00e3o travestidos de sabores e aromas exatamente para atrair os jovens&#8221;, explicou.<\/p>\n<p>De acordo com ele, j\u00e1 h\u00e1 pesquisas e trabalhos publicados que mostram que depois de 54 semanas de utiliza\u00e7\u00e3o de cigarro eletr\u00f4nico houve desenvolvimento de c\u00e2ncer em 23% dos animais de laborat\u00f3rio e de uma porcentagem tamb\u00e9m alta de hiperplasia da bexiga, que \u00e9 uma predisposi\u00e7\u00e3o a tumor nesse \u00f3rg\u00e3o, tamb\u00e9m relacionado ao uso da nicotina. &#8220;N\u00e3o s\u00e3o dispositivos in\u00f3cuos, trazem depend\u00eancia important\u00edssima, porque em segundos a nicotina chega ao sistema nervoso central&#8221;.<\/p>\n<p>Maltoni destacou que, apesar da dificuldade para parar de fumar e dos altos \u00edndices de reincid\u00eancia, \u00e9 preciso insistir e buscar o apoio da fam\u00edlia e amigos. &#8220;Compartilhe com sua fam\u00edlia e amigos esse desejo. Existe uma possibilidade de tratamento do pr\u00f3prio Sistema \u00danico de Sa\u00fade (SUS) para quem quer parar. Em qualquer lugar do pa\u00eds \u00e9 poss\u00edvel se informar pelo Disque Sa\u00fade 136 sobre as unidades de sa\u00fade que podem ofertar os m\u00e9todos de ajuda&#8221;, ressaltou.<\/p>\n<p><em>(Fonte: Ag\u00eancia Brasil)<\/em><\/p>\n","protected":false},"excerpt":{"rendered":"<p>Entidades de sa\u00fade lan\u00e7aram hoje (26) a campanha Novos produtos, Velhos Problemas para marcar o dia 31 de maio, data em que a Organiza\u00e7\u00e3o Mundial da Sa\u00fade (OMS) definiu como Dia Mundial Sem Tabaco. A campanha n\u00e3o s\u00f3 refor\u00e7a a necessidade de parar de fumar o tradicional cigarro, como alerta sobre os dispositivos eletr\u00f4nicos para [&hellip;]<\/p>\n","protected":false},"author":1,"featured_media":37421,"comment_status":"closed","ping_status":"closed","sticky":false,"template":"","format":"standard","meta":{"footnotes":""},"categories":[80],"tags":[],"_links":{"self":[{"href":"https:\/\/www.anamt.org.br\/portal\/wp-json\/wp\/v2\/posts\/42357"}],"collection":[{"href":"https:\/\/www.anamt.org.br\/portal\/wp-json\/wp\/v2\/posts"}],"about":[{"href":"https:\/\/www.anamt.org.br\/portal\/wp-json\/wp\/v2\/types\/post"}],"author":[{"embeddable":true,"href":"https:\/\/www.anamt.org.br\/portal\/wp-json\/wp\/v2\/users\/1"}],"replies":[{"embeddable":true,"href":"https:\/\/www.anamt.org.br\/portal\/wp-json\/wp\/v2\/comments?post=42357"}],"version-history":[{"count":0,"href":"https:\/\/www.anamt.org.br\/portal\/wp-json\/wp\/v2\/posts\/42357\/revisions"}],"wp:featuredmedia":[{"embeddable":true,"href":"https:\/\/www.anamt.org.br\/portal\/wp-json\/wp\/v2\/media\/37421"}],"wp:attachment":[{"href":"https:\/\/www.anamt.org.br\/portal\/wp-json\/wp\/v2\/media?parent=42357"}],"wp:term":[{"taxonomy":"category","embeddable":true,"href":"https:\/\/www.anamt.org.br\/portal\/wp-json\/wp\/v2\/categories?post=42357"},{"taxonomy":"post_tag","embeddable":true,"href":"https:\/\/www.anamt.org.br\/portal\/wp-json\/wp\/v2\/tags?post=42357"}],"curies":[{"name":"wp","href":"https:\/\/api.w.org\/{rel}","templated":true}]}}