{"id":42284,"date":"2021-05-06T12:20:12","date_gmt":"2021-05-06T15:20:12","guid":{"rendered":"https:\/\/www.anamt.org.br\/portal\/?p=42284"},"modified":"2022-09-04T17:28:15","modified_gmt":"2022-09-04T20:28:15","slug":"podcast-anamt-cuidados-na-exposicao-ao-benzeno-no-trabalho","status":"publish","type":"post","link":"https:\/\/www.anamt.org.br\/portal\/2021\/05\/06\/podcast-anamt-cuidados-na-exposicao-ao-benzeno-no-trabalho\/","title":{"rendered":"Podcast ANAMT: cuidados na exposi\u00e7\u00e3o ao benzeno no trabalho"},"content":{"rendered":"<p>O diagn\u00f3stico de benzenismo, de natureza ocupacional, \u00e9 eminentemente cl\u00ednico e epidemiol\u00f3gico e se baseia na hist\u00f3ria da exposi\u00e7\u00e3o ocupacional e na observa\u00e7\u00e3o de sinais e sintomas cl\u00ednicos e laboratoriais. Por isso, os cuidados na exposi\u00e7\u00e3o ao benzeno s\u00e3o o tema do novo epis\u00f3dio do <em>Podcast ANAMT<\/em>:<\/p>\n<div class=\"video-shortcode\"><iframe title=\"Spotify Embed: 44 - Benzeno \u2013 Cuidados em sua exposi\u00e7\u00e3o\" style=\"border-radius: 12px\" width=\"100%\" height=\"152\" frameborder=\"0\" allowfullscreen allow=\"autoplay; clipboard-write; encrypted-media; fullscreen; picture-in-picture\" loading=\"lazy\" src=\"https:\/\/open.spotify.com\/embed\/episode\/50ZegfxAEiLvui6CvpWat0?si=CFIOlvGbSfi8P4omuu8moA&#038;utm_source=oembed\"><\/iframe><\/div>\n<p>Os podcasts tamb\u00e9m podem ser ouvidos gratuitamente na distribuidora <em>Anchor <\/em>e em outras plataformas, sem a requisi\u00e7\u00e3o do download de aplicativo ou cria\u00e7\u00e3o de uma conta para acesso. <a href=\"https:\/\/anchor.fm\/podcast-anamt\" target=\"_blank\" rel=\"noopener\">Clique aqui para selecionar uma op\u00e7\u00e3o de sua prefer\u00eancia.<\/a><\/p>\n<p>O texto da edi\u00e7\u00e3o est\u00e1 dispon\u00edvel <a href=\"https:\/\/www.anamt.org.br\/portal\/wp-content\/uploads\/2021\/05\/PODCAST_ANAMT_06-05-2021.pdf\">clicando aqui.<\/a><\/p>\n","protected":false},"excerpt":{"rendered":"<p>O diagn\u00f3stico de benzenismo, de natureza ocupacional, \u00e9 eminentemente cl\u00ednico e epidemiol\u00f3gico e se baseia na hist\u00f3ria da exposi\u00e7\u00e3o ocupacional e na observa\u00e7\u00e3o de sinais e sintomas cl\u00ednicos e laboratoriais. Por isso, os cuidados na exposi\u00e7\u00e3o ao benzeno s\u00e3o o tema do novo epis\u00f3dio do Podcast ANAMT: Os podcasts tamb\u00e9m podem ser ouvidos gratuitamente na [&hellip;]<\/p>\n","protected":false},"author":1,"featured_media":40491,"comment_status":"closed","ping_status":"closed","sticky":false,"template":"","format":"standard","meta":{"footnotes":""},"categories":[77,242],"tags":[],"_links":{"self":[{"href":"https:\/\/www.anamt.org.br\/portal\/wp-json\/wp\/v2\/posts\/42284"}],"collection":[{"href":"https:\/\/www.anamt.org.br\/portal\/wp-json\/wp\/v2\/posts"}],"about":[{"href":"https:\/\/www.anamt.org.br\/portal\/wp-json\/wp\/v2\/types\/post"}],"author":[{"embeddable":true,"href":"https:\/\/www.anamt.org.br\/portal\/wp-json\/wp\/v2\/users\/1"}],"replies":[{"embeddable":true,"href":"https:\/\/www.anamt.org.br\/portal\/wp-json\/wp\/v2\/comments?post=42284"}],"version-history":[{"count":1,"href":"https:\/\/www.anamt.org.br\/portal\/wp-json\/wp\/v2\/posts\/42284\/revisions"}],"predecessor-version":[{"id":45519,"href":"https:\/\/www.anamt.org.br\/portal\/wp-json\/wp\/v2\/posts\/42284\/revisions\/45519"}],"wp:featuredmedia":[{"embeddable":true,"href":"https:\/\/www.anamt.org.br\/portal\/wp-json\/wp\/v2\/media\/40491"}],"wp:attachment":[{"href":"https:\/\/www.anamt.org.br\/portal\/wp-json\/wp\/v2\/media?parent=42284"}],"wp:term":[{"taxonomy":"category","embeddable":true,"href":"https:\/\/www.anamt.org.br\/portal\/wp-json\/wp\/v2\/categories?post=42284"},{"taxonomy":"post_tag","embeddable":true,"href":"https:\/\/www.anamt.org.br\/portal\/wp-json\/wp\/v2\/tags?post=42284"}],"curies":[{"name":"wp","href":"https:\/\/api.w.org\/{rel}","templated":true}]}}