{"id":42234,"date":"2021-04-26T11:11:46","date_gmt":"2021-04-26T14:11:46","guid":{"rendered":"https:\/\/www.anamt.org.br\/portal\/?p=42234"},"modified":"2021-04-26T11:11:46","modified_gmt":"2021-04-26T14:11:46","slug":"rbso-publica-novos-artigos-sobre-a-saude-do-trabalhador-na-pandemia","status":"publish","type":"post","link":"https:\/\/www.anamt.org.br\/portal\/2021\/04\/26\/rbso-publica-novos-artigos-sobre-a-saude-do-trabalhador-na-pandemia\/","title":{"rendered":"RBSO publica novos artigos sobre a sa\u00fade do trabalhador na pandemia"},"content":{"rendered":"<p>Neste primeiro trimestre de 2021, o \u201cDossi\u00ea Covid-19 e Sa\u00fade do Trabalhador\u201d, da Revista Brasileira de Sa\u00fade Ocupacional (RBSO), traz artigos que abordam a sa\u00fade e seguran\u00e7a dos trabalhadores da sa\u00fade e das trabalhadoras dom\u00e9sticas.<\/p>\n<h3><strong>Trabalhadores da sa\u00fade<\/strong><\/h3>\n<p>A pandemia de Covid-19 mudou a realidade de diversas categorias profissionais, e a imprensa tem noticiado o dia a dia das \u00e1reas que est\u00e3o na linha de frente do combate ao novo coronav\u00edrus.<\/p>\n<p>Com base em reportagens publicadas na internet pela grande m\u00eddia, o artigo\u00a0<a href=\"https:\/\/doi.org\/10.1590\/2317-6369000028520\">Trabalhadores(as) da sa\u00fade e a COVID-19: condi\u00e7\u00f5es de trabalho \u00e0 deriva?<\/a>\u00a0analisa as circunst\u00e2ncias de trabalho dos profissionais da sa\u00fade que atuaram no in\u00edcio da pandemia, no Brasil.<\/p>\n<p>O estudo constatou que, em alguns casos, os equipamentos de prote\u00e7\u00e3o individual (EPIs) oferecidos aos profissionais eram inadequados \u00e0 atividade e que seu fornecimento n\u00e3o atendia a demanda. Tamb\u00e9m se observou que muitos profissionais do setor adoeceram ou perderam a vida em meio a circunst\u00e2ncias relacionadas \u00e0 precariza\u00e7\u00e3o do trabalho.<\/p>\n<p>Para as autoras, a Covid-19 trouxe maior visibilidade sobre a import\u00e2ncia dos trabalhadores da sa\u00fade e a necessidade de investimento na sa\u00fade p\u00fablica.<\/p>\n<h3><strong>Trabalhadoras dom\u00e9sticas<\/strong><\/h3>\n<p>Em meio a pandemia do novo coronav\u00edrus, as quest\u00f5es sociais e sanit\u00e1rias muitas vezes se entrela\u00e7am, tornando-se mais um desafio para o mundo do trabalho.\u00a0<a href=\"https:\/\/dx.doi.org\/10.1590\/2317-6369000025020\">\u201cVulnerabilidade e atividades essenciais no contexto da COVID-19: reflex\u00f5es sobre a categoria de trabalhadoras dom\u00e9sticas\u201d<\/a>\u00a0\u00e9 um artigo que faz um balan\u00e7o sobre o cen\u00e1rio no qual essas profissionais est\u00e3o inseridas, em meio a pandemia.<\/p>\n<p>Ao analisa<ins>r<\/ins>\u00a0decretos federais e relat\u00f3rios t\u00e9cnicos de institui\u00e7\u00f5es de pesquisa, o estudo detectou que o adoecimento e as mortes causadas pelo novo coronav\u00edrus n\u00e3o se distribuem de maneira uniforme pela popula\u00e7\u00e3o, devido \u00e0s desigualdades socioecon\u00f4micas, raciais e de g\u00eanero no pa\u00eds.<\/p>\n<p>O artigo ainda aponta que as trabalhadoras dom\u00e9sticas t\u00eam enfrentado problemas em rela\u00e7\u00e3o ao v\u00ednculo empregat\u00edcio. Em muitos casos, se as profissionais n\u00e3o s\u00e3o dispensadas, acabam se expondo ao risco de contrair a doen\u00e7a, seja no trajeto de casa at\u00e9 o trabalho ou no pr\u00f3prio ambiente onde desempenham suas atividades.<\/p>\n<p>No ponto de vista da autora, \u00e9 fundamental que haja o provimento de recursos para que as trabalhadoras dom\u00e9sticas possam manter o distanciamento social. Sem tais provis\u00f5es, essas profissionais acabam por fazer parte do grupo de pessoas vulner\u00e1veis em rela\u00e7\u00e3o \u00e0s perspectivas econ\u00f4micas\/sanit\u00e1rias.<\/p>\n<p>Leia os trabalhos aqui mencionados na \u00edntegra, acessando a\u00a0<a href=\"https:\/\/www.scielo.br\/scielo.php?script=sci_serial&amp;pid=0303-7657&amp;lng=pt&amp;nrm=iso\">p\u00e1gina da\u00a0RBSO\u00a0na SciELO<\/a>.<\/p>\n<p><em>(Fonte: Fundacentro)<\/em><\/p>\n","protected":false},"excerpt":{"rendered":"<p>Neste primeiro trimestre de 2021, o \u201cDossi\u00ea Covid-19 e Sa\u00fade do Trabalhador\u201d, da Revista Brasileira de Sa\u00fade Ocupacional (RBSO), traz artigos que abordam a sa\u00fade e seguran\u00e7a dos trabalhadores da sa\u00fade e das trabalhadoras dom\u00e9sticas. Trabalhadores da sa\u00fade A pandemia de Covid-19 mudou a realidade de diversas categorias profissionais, e a imprensa tem noticiado o [&hellip;]<\/p>\n","protected":false},"author":1,"featured_media":30207,"comment_status":"closed","ping_status":"closed","sticky":false,"template":"","format":"standard","meta":{"footnotes":""},"categories":[80],"tags":[],"_links":{"self":[{"href":"https:\/\/www.anamt.org.br\/portal\/wp-json\/wp\/v2\/posts\/42234"}],"collection":[{"href":"https:\/\/www.anamt.org.br\/portal\/wp-json\/wp\/v2\/posts"}],"about":[{"href":"https:\/\/www.anamt.org.br\/portal\/wp-json\/wp\/v2\/types\/post"}],"author":[{"embeddable":true,"href":"https:\/\/www.anamt.org.br\/portal\/wp-json\/wp\/v2\/users\/1"}],"replies":[{"embeddable":true,"href":"https:\/\/www.anamt.org.br\/portal\/wp-json\/wp\/v2\/comments?post=42234"}],"version-history":[{"count":0,"href":"https:\/\/www.anamt.org.br\/portal\/wp-json\/wp\/v2\/posts\/42234\/revisions"}],"wp:featuredmedia":[{"embeddable":true,"href":"https:\/\/www.anamt.org.br\/portal\/wp-json\/wp\/v2\/media\/30207"}],"wp:attachment":[{"href":"https:\/\/www.anamt.org.br\/portal\/wp-json\/wp\/v2\/media?parent=42234"}],"wp:term":[{"taxonomy":"category","embeddable":true,"href":"https:\/\/www.anamt.org.br\/portal\/wp-json\/wp\/v2\/categories?post=42234"},{"taxonomy":"post_tag","embeddable":true,"href":"https:\/\/www.anamt.org.br\/portal\/wp-json\/wp\/v2\/tags?post=42234"}],"curies":[{"name":"wp","href":"https:\/\/api.w.org\/{rel}","templated":true}]}}