{"id":42229,"date":"2021-04-22T16:06:08","date_gmt":"2021-04-22T19:06:08","guid":{"rendered":"https:\/\/www.anamt.org.br\/portal\/?p=42229"},"modified":"2022-09-04T17:28:15","modified_gmt":"2022-09-04T20:28:15","slug":"podcast-anamt-atualizacao-da-nr-1-e-o-tema-de-novo-episodio","status":"publish","type":"post","link":"https:\/\/www.anamt.org.br\/portal\/2021\/04\/22\/podcast-anamt-atualizacao-da-nr-1-e-o-tema-de-novo-episodio\/","title":{"rendered":"Podcast ANAMT: atualiza\u00e7\u00e3o da NR-1 \u00e9 o tema de novo epis\u00f3dio"},"content":{"rendered":"<p>A NR-1 \u00e9 a legisla\u00e7\u00e3o que estabelece as disposi\u00e7\u00f5es gerais, o campo de aplica\u00e7\u00e3o, os termos e as defini\u00e7\u00f5es comuns \u00e0s NRs relativas \u00e0 sa\u00fade e seguran\u00e7a do trabalho, bem como as diretrizes e requisitos para o Gerenciamento de Riscos Ocupacionais, capacita\u00e7\u00e3o e treinamento em sa\u00fade e seguran\u00e7a do trabalho, presta\u00e7\u00e3o de informa\u00e7\u00e3o digital e digitaliza\u00e7\u00e3o de documentos, direitos e deveres dos trabalhadores e as compet\u00eancias dos \u00d3rg\u00e3os Nacionais e Regionais sobre SST. Recentemente, a norma passou por duas revis\u00f5es importantes, que tamb\u00e9m ser\u00e3o abordadas nesse epis\u00f3dio do<em> Podcast ANAMT<\/em>:<\/p>\n<div class=\"video-shortcode\"><iframe title=\"Spotify Embed: 43 - Norma Regulamentadora n\u00ba 01 \" style=\"border-radius: 12px\" width=\"100%\" height=\"152\" frameborder=\"0\" allowfullscreen allow=\"autoplay; clipboard-write; encrypted-media; fullscreen; picture-in-picture\" loading=\"lazy\" src=\"https:\/\/open.spotify.com\/embed\/episode\/54WAlEs8mBOFBt1fBJ60q0?si=OmwMaPqIT6WV1cyqqI0mgw&#038;utm_source=oembed\"><\/iframe><\/div>\n<p>Os podcasts tamb\u00e9m podem ser ouvidos gratuitamente na distribuidora <em>Anchor <\/em>e em outras plataformas, sem a requisi\u00e7\u00e3o do download de aplicativo ou cria\u00e7\u00e3o de uma conta para acesso. <a href=\"https:\/\/anchor.fm\/podcast-anamt\" target=\"_blank\" rel=\"noopener\">Clique aqui para selecionar uma op\u00e7\u00e3o de sua prefer\u00eancia.<\/a><\/p>\n<p>O texto da edi\u00e7\u00e3o est\u00e1 dispon\u00edvel <a href=\"https:\/\/www.anamt.org.br\/portal\/wp-content\/uploads\/2021\/04\/PODCAST_ANAMT_22-04-2021.pdf\" target=\"_blank\" rel=\"noopener\">clicando aqui.<\/a><\/p>\n","protected":false},"excerpt":{"rendered":"<p>A NR-1 \u00e9 a legisla\u00e7\u00e3o que estabelece as disposi\u00e7\u00f5es gerais, o campo de aplica\u00e7\u00e3o, os termos e as defini\u00e7\u00f5es comuns \u00e0s NRs relativas \u00e0 sa\u00fade e seguran\u00e7a do trabalho, bem como as diretrizes e requisitos para o Gerenciamento de Riscos Ocupacionais, capacita\u00e7\u00e3o e treinamento em sa\u00fade e seguran\u00e7a do trabalho, presta\u00e7\u00e3o de informa\u00e7\u00e3o digital e [&hellip;]<\/p>\n","protected":false},"author":1,"featured_media":40491,"comment_status":"closed","ping_status":"closed","sticky":false,"template":"","format":"standard","meta":{"footnotes":""},"categories":[77,242],"tags":[],"_links":{"self":[{"href":"https:\/\/www.anamt.org.br\/portal\/wp-json\/wp\/v2\/posts\/42229"}],"collection":[{"href":"https:\/\/www.anamt.org.br\/portal\/wp-json\/wp\/v2\/posts"}],"about":[{"href":"https:\/\/www.anamt.org.br\/portal\/wp-json\/wp\/v2\/types\/post"}],"author":[{"embeddable":true,"href":"https:\/\/www.anamt.org.br\/portal\/wp-json\/wp\/v2\/users\/1"}],"replies":[{"embeddable":true,"href":"https:\/\/www.anamt.org.br\/portal\/wp-json\/wp\/v2\/comments?post=42229"}],"version-history":[{"count":1,"href":"https:\/\/www.anamt.org.br\/portal\/wp-json\/wp\/v2\/posts\/42229\/revisions"}],"predecessor-version":[{"id":45520,"href":"https:\/\/www.anamt.org.br\/portal\/wp-json\/wp\/v2\/posts\/42229\/revisions\/45520"}],"wp:featuredmedia":[{"embeddable":true,"href":"https:\/\/www.anamt.org.br\/portal\/wp-json\/wp\/v2\/media\/40491"}],"wp:attachment":[{"href":"https:\/\/www.anamt.org.br\/portal\/wp-json\/wp\/v2\/media?parent=42229"}],"wp:term":[{"taxonomy":"category","embeddable":true,"href":"https:\/\/www.anamt.org.br\/portal\/wp-json\/wp\/v2\/categories?post=42229"},{"taxonomy":"post_tag","embeddable":true,"href":"https:\/\/www.anamt.org.br\/portal\/wp-json\/wp\/v2\/tags?post=42229"}],"curies":[{"name":"wp","href":"https:\/\/api.w.org\/{rel}","templated":true}]}}