{"id":42215,"date":"2021-04-19T08:45:17","date_gmt":"2021-04-19T11:45:17","guid":{"rendered":"https:\/\/www.anamt.org.br\/portal\/?p=42215"},"modified":"2021-04-19T08:47:07","modified_gmt":"2021-04-19T11:47:07","slug":"fundacentro-lanca-cartilha-com-orientacao-aos-empregadores-e-trabalhadores-de-comercio-eletronico","status":"publish","type":"post","link":"https:\/\/www.anamt.org.br\/portal\/2021\/04\/19\/fundacentro-lanca-cartilha-com-orientacao-aos-empregadores-e-trabalhadores-de-comercio-eletronico\/","title":{"rendered":"Fundacentro lan\u00e7a cartilha com orienta\u00e7\u00e3o para o setor de com\u00e9rcio eletr\u00f4nico"},"content":{"rendered":"<p>Fundacentro publica mais uma cartilha da s\u00e9rie \u201cPreven\u00e7\u00e3o \u00e0 Covid-19: Orienta\u00e7\u00e3o aos empregadores e trabalhadores de com\u00e9rcio eletr\u00f4nico\u201d. Neste guia, destacam-se os procedimentos que possibilitam assegurar a sa\u00fade dos profissionais contra o coronav\u00edrus.<\/p>\n<p>Sob a coordena\u00e7\u00e3o geral da diretora de Pesquisa Aplicada da Fundacentro, Erika Alvim de S\u00e1 Benevides, o guia foi elaborado pelas tecnologistas Maria de F\u00e1tima Torres Faria Viegas, Juliana Andrade Oliveira, Soraya Wingester Vasconcelos e Val\u00e9ria Ramos Soares Pinto.<\/p>\n<p>Com a pandemia, o e-commerce tem crescido e, nesse sentido, a Fundacentro, cumprindo a sua miss\u00e3o de produzir conhecimento aplicado para auxiliar na cria\u00e7\u00e3o de pol\u00edticas p\u00fablicas que promovam o trabalho seguro, saud\u00e1vel e produtivo, desenvolveu um guia para esse setor.<\/p>\n<p>De acordo com estudos, as autoras informam que a transmiss\u00e3o do v\u00edrus pode ocorrer pelo contato direto entre duas pessoas, no qual ocorre \u00e0 transfer\u00eancia do v\u00edrus entre a pessoa infectada, com ou sem sintomas. Como a presen\u00e7a do v\u00edrus se espalha em v\u00e1rios ambientes, superf\u00edcies e objetos, existe tamb\u00e9m o contato indireto que \u00e9 causado quando uma pessoa toca um objeto contaminado. Essas situa\u00e7\u00f5es podem fazer parte do universo do e-commerce.<\/p>\n<p>A cartilha foi publicada para auxiliar na defini\u00e7\u00e3o dos cen\u00e1rios de exposi\u00e7\u00e3o e dos riscos associados nos locais de trabalho, principalmente no que determina as medidas de controle a serem implementadas. O conte\u00fado deste guia traz informa\u00e7\u00f5es b\u00e1sicas sobre a Covid-19, sobretudo recomenda\u00e7\u00f5es aos empregadores e trabalhadores, as quais est\u00e3o em apoio e complemento \u00e0s orienta\u00e7\u00f5es das autoridades sanit\u00e1rias do governo federal, coordenadas pelo Minist\u00e9rio da Sa\u00fade.<\/p>\n<p>As autoras frisam ainda que as iniciativas contidas no guia sejam adotadas em conformidade com a pol\u00edtica de isolamento social, de acordo com a determina\u00e7\u00e3o das autoridades sanit\u00e1rias competentes.<\/p>\n<p>Fa\u00e7a o download da cartilha \u201cPreven\u00e7\u00e3o \u00e0 Covid-19: Orienta\u00e7\u00e3o aos empregadores e trabalhadores do com\u00e9rcio eletr\u00f4nico\u201d acessando o site da biblioteca da Fundacentro.<\/p>\n<p>Veja mais detalhes sobre a publica\u00e7\u00e3o acessando o <a href=\"http:\/\/biblioteca.fundacentro.gov.br\/primo-explore\/fulldisplay?docid=fjd_bibdig000054331&amp;context=L&amp;vid=FJD&amp;lang=pt_BR&amp;search_scope=Pesquisa%20Geral&amp;adaptor=Local%20Search%20Engine&amp;tab=default_tab&amp;query=any,contains,covid&amp;offset=0\" target=\"_blank\" rel=\"noopener\">link<\/a>.<\/p>\n<p><em>Fonte: Fundacentro<\/em><\/p>\n","protected":false},"excerpt":{"rendered":"<p>Fundacentro publica mais uma cartilha da s\u00e9rie \u201cPreven\u00e7\u00e3o \u00e0 Covid-19: Orienta\u00e7\u00e3o aos empregadores e trabalhadores de com\u00e9rcio eletr\u00f4nico\u201d. Neste guia, destacam-se os procedimentos que possibilitam assegurar a sa\u00fade dos profissionais contra o coronav\u00edrus. Sob a coordena\u00e7\u00e3o geral da diretora de Pesquisa Aplicada da Fundacentro, Erika Alvim de S\u00e1 Benevides, o guia foi elaborado pelas tecnologistas [&hellip;]<\/p>\n","protected":false},"author":1,"featured_media":31602,"comment_status":"closed","ping_status":"closed","sticky":false,"template":"","format":"standard","meta":{"footnotes":""},"categories":[80],"tags":[],"_links":{"self":[{"href":"https:\/\/www.anamt.org.br\/portal\/wp-json\/wp\/v2\/posts\/42215"}],"collection":[{"href":"https:\/\/www.anamt.org.br\/portal\/wp-json\/wp\/v2\/posts"}],"about":[{"href":"https:\/\/www.anamt.org.br\/portal\/wp-json\/wp\/v2\/types\/post"}],"author":[{"embeddable":true,"href":"https:\/\/www.anamt.org.br\/portal\/wp-json\/wp\/v2\/users\/1"}],"replies":[{"embeddable":true,"href":"https:\/\/www.anamt.org.br\/portal\/wp-json\/wp\/v2\/comments?post=42215"}],"version-history":[{"count":0,"href":"https:\/\/www.anamt.org.br\/portal\/wp-json\/wp\/v2\/posts\/42215\/revisions"}],"wp:featuredmedia":[{"embeddable":true,"href":"https:\/\/www.anamt.org.br\/portal\/wp-json\/wp\/v2\/media\/31602"}],"wp:attachment":[{"href":"https:\/\/www.anamt.org.br\/portal\/wp-json\/wp\/v2\/media?parent=42215"}],"wp:term":[{"taxonomy":"category","embeddable":true,"href":"https:\/\/www.anamt.org.br\/portal\/wp-json\/wp\/v2\/categories?post=42215"},{"taxonomy":"post_tag","embeddable":true,"href":"https:\/\/www.anamt.org.br\/portal\/wp-json\/wp\/v2\/tags?post=42215"}],"curies":[{"name":"wp","href":"https:\/\/api.w.org\/{rel}","templated":true}]}}