{"id":41975,"date":"2021-04-10T10:13:45","date_gmt":"2021-04-10T13:13:45","guid":{"rendered":"https:\/\/www.anamt.org.br\/portal\/?p=41975"},"modified":"2021-04-10T15:55:21","modified_gmt":"2021-04-10T18:55:21","slug":"18o-congresso-segundo-dia-retoma-debates-sobre-os-desafios-do-covid-19","status":"publish","type":"post","link":"https:\/\/www.anamt.org.br\/portal\/2021\/04\/10\/18o-congresso-segundo-dia-retoma-debates-sobre-os-desafios-do-covid-19\/","title":{"rendered":"18\u00ba Congresso: segundo dia retoma debates sobre os desafios do COVID-19"},"content":{"rendered":"<p><img decoding=\"async\" class=\"aligncenter size-600 wp-image-41977\" src=\"https:\/\/www.anamt.org.br\/portal\/wp-content\/uploads\/2021\/04\/10-04_INAIL_650-600x338.jpg\" alt=\"\" width=\"600\" height=\"338\" srcset=\"https:\/\/www.anamt.org.br\/portal\/wp-content\/uploads\/2021\/04\/10-04_INAIL_650-200x113.jpg 200w, https:\/\/www.anamt.org.br\/portal\/wp-content\/uploads\/2021\/04\/10-04_INAIL_650-300x169.jpg 300w, https:\/\/www.anamt.org.br\/portal\/wp-content\/uploads\/2021\/04\/10-04_INAIL_650-400x225.jpg 400w, https:\/\/www.anamt.org.br\/portal\/wp-content\/uploads\/2021\/04\/10-04_INAIL_650-600x338.jpg 600w, https:\/\/www.anamt.org.br\/portal\/wp-content\/uploads\/2021\/04\/10-04_INAIL_650.jpg 650w\" sizes=\"(max-width: 600px) 100vw, 600px\" \/><\/p>\n<p>A programa\u00e7\u00e3o cient\u00edfica deste s\u00e1bado (10) de 18\u00ba Congresso Nacional teve in\u00edcio com uma palestra internacional do secret\u00e1rio-geral da Comiss\u00e3o Internacional de Sa\u00fade no Trabalho (ICOH) e diretor de pesquisa do Instituto Nacional de Seguro de Acidentes de Trabalho (INAIL), Dr. Sergio Iavicoli, mediada pelo assessor t\u00e9cnico com participa\u00e7\u00e3o na Diretoria de Rela\u00e7\u00f5es Internacionais da ANAMT, Dr. Ruddy Facci. A apresenta\u00e7\u00e3o teve foco nas medidas tomadas pela It\u00e1lia para conter a onda de cont\u00e1gios do COVID-19 e preparar sua for\u00e7a de trabalho para os desafios cotidianos da doen\u00e7a.<\/p>\n<p dir=\"ltr\">A It\u00e1lia foi o primeiro pa\u00eds ocidental a ser atingido fortemente pelo v\u00edrus, numa \u00e9poca em que se sabia muito pouco sobre ele e sua transmiss\u00e3o\u00a0<span class=\"aCOpRe\">\u2014<\/span> o primeiro paciente com COVID-19 foi detectado em 21 de fevereiro de 2020, em uma pequena cidade perto de Mil\u00e3o, na regi\u00e3o da Lombardia, no Norte do pa\u00eds.<\/p>\n<p dir=\"ltr\">Foi tamb\u00e9m pioneiro em adotar medidas r\u00edgidas de confinamento, primeiro em n\u00edvel regional e depois em n\u00edvel nacional, que inclu\u00edram restri\u00e7\u00f5es \u00e0 circula\u00e7\u00e3o de pessoas e fechamento de empresas (com exce\u00e7\u00e3o de supermercados e farm\u00e1cias). Mesmo com o eventual relaxamento dessas restri\u00e7\u00f5es, medidas restritivas, como o uso de m\u00e1scaras, ainda s\u00e3o amplamente respeitadas, segundo o palestrante.<\/p>\n<p dir=\"ltr\">Ao longo da exposi\u00e7\u00e3o, Dr. Sergio apresentou as <a href=\"https:\/\/www.inail.it\/cs\/internet\/comunicazione\/covid-19-prodotti-informativi.html\">contribui\u00e7\u00f5es cient\u00edficas e dossi\u00eas publicados pelo INAIL<\/a> nesse per\u00edodo <span class=\"VIiyi\" lang=\"pt\"><span class=\"JLqJ4b\" data-language-for-alternatives=\"pt\" data-language-to-translate-into=\"it\" data-phrase-index=\"0\">para orientar os cidad\u00e3os e as autoridades sanit\u00e1rias nacionais. Tamb\u00e9m foram explicados os m\u00e9todos de classifica\u00e7\u00e3o de risco <span class=\"JLqJ4b ChMk0b\" data-language-for-alternatives=\"pt\" data-language-to-translate-into=\"it\" data-phrase-index=\"0\"> alguns dos principais setores de trabalho<\/span>, suas vari\u00e1veis (exposi\u00e7\u00e3o, proximidade, aglomera\u00e7\u00e3o), matrizes de risco<\/span><\/span>, est\u00e1gios de preven\u00e7\u00e3o, <span class=\"VIiyi\" lang=\"pt\"><span class=\"JLqJ4b\" data-language-for-alternatives=\"pt\" data-language-to-translate-into=\"it\" data-phrase-index=\"0\">compensa\u00e7\u00f5es financeiras oferecidas para cada faixa et\u00e1ria da popula\u00e7\u00e3o, a falta de EPIs, entre outros pontos.<\/span><\/span><\/p>\n<h3>Uso de informa\u00e7\u00f5es na sa\u00fade<\/h3>\n<p><img decoding=\"async\" class=\"aligncenter size-600 wp-image-41984\" src=\"https:\/\/www.anamt.org.br\/portal\/wp-content\/uploads\/2021\/04\/conferenciahealthanalytics-600x337.png\" alt=\"\" width=\"600\" height=\"337\" srcset=\"https:\/\/www.anamt.org.br\/portal\/wp-content\/uploads\/2021\/04\/conferenciahealthanalytics-200x112.png 200w, https:\/\/www.anamt.org.br\/portal\/wp-content\/uploads\/2021\/04\/conferenciahealthanalytics-300x168.png 300w, https:\/\/www.anamt.org.br\/portal\/wp-content\/uploads\/2021\/04\/conferenciahealthanalytics-400x225.png 400w, https:\/\/www.anamt.org.br\/portal\/wp-content\/uploads\/2021\/04\/conferenciahealthanalytics-600x337.png 600w, https:\/\/www.anamt.org.br\/portal\/wp-content\/uploads\/2021\/04\/conferenciahealthanalytics.png 650w\" sizes=\"(max-width: 600px) 100vw, 600px\" \/><\/p>\n<p>Na segunda confer\u00eancia do dia, Dr. Enrico De Vettori, chief operating officer do UnitedHealth Group Brasil, falou sobre o Health Analytics, ferramenta que usa os dados dos pacientes da sua base para elaborar proje\u00e7\u00f5es sobre as demandas de sa\u00fade que poder\u00e3o ser necess\u00e1rias futuramente.<\/p>\n<p>Ele explicou que os dados n\u00e3o s\u00e3o est\u00e1ticos, podendo ser alterados de acordo com a evolu\u00e7\u00e3o da empresa em quest\u00e3o, assim como ressaltou a import\u00e2ncia de ter somente uma fonte dessa informa\u00e7\u00f5es para evitar choques de gest\u00e3o e governan\u00e7a. Entre os exemplos citados pelo palestrante no uso do software, est\u00e1 a gest\u00e3o de leitos dispon\u00edveis e as caracter\u00edsticas identificadas nas unidades destinadas a pacientes de Covid-19, como uso de medicamentos espec\u00edficos por mais tempo e mudan\u00e7as de perfil de acordo com a idade dos pacientes internados. A ind\u00fastria farmac\u00eautica foi outro exemplo de uso mencionado, especialmente no caso da aplica\u00e7\u00e3o de vacinas contra a Covid-19, para rastreamento de eventuais efeitos colaterais e falsifica\u00e7\u00f5es.<\/p>\n<p>O palestrante tamb\u00e9m lembrou que o recurso possibilita o uso mais adequado dos atendimentos realizados pelos planos de sa\u00fade, j\u00e1 que a base de dados e o machine learning possibilitam ganho de velocidade nos diagn\u00f3sticos, procedimentos mais precisos e por consequ\u00eancia, redu\u00e7\u00e3o de custos. Al\u00e9m disso, o programa consegue identificar os pacientes conforme a frequ\u00eancia de uso dos servi\u00e7os de sa\u00fade e aqueles que o fazem de forma consciente, o que auxilia em atendimentos mais precisos e campanhas de conscientiza\u00e7\u00e3o.<\/p>\n<p>\u201cO papel do m\u00e9dico na sa\u00fade prim\u00e1ria \u00e9 convencer os gestores que, se ele tem informa\u00e7\u00e3o, tratar\u00e1 melhor os pacientes\u201d, alertou Dr. Enrico, destacando que o uso da tecnologia na sa\u00fade n\u00e3o substituir\u00e1 o m\u00e9dico, mas o profissional ter\u00e1 o recurso como suporte para o seu trabalho.<\/p>\n<h3>Converse com especialistas<\/h3>\n\n\t\t<style type=\"text\/css\">\n\t\t\t#gallery-1 {\n\t\t\t\tmargin: auto;\n\t\t\t}\n\t\t\t#gallery-1 .gallery-item {\n\t\t\t\tfloat: left;\n\t\t\t\tmargin-top: 10px;\n\t\t\t\ttext-align: center;\n\t\t\t\twidth: 20%;\n\t\t\t}\n\t\t\t#gallery-1 img {\n\t\t\t\tborder: 2px solid #cfcfcf;\n\t\t\t}\n\t\t\t#gallery-1 .gallery-caption {\n\t\t\t\tmargin-left: 0;\n\t\t\t}\n\t\t\t\/* see gallery_shortcode() in wp-includes\/media.php *\/\n\t\t<\/style>\n\t\t<div id='gallery-1' class='gallery galleryid-41975 gallery-columns-5 gallery-size-thumbnail'><dl class='gallery-item'>\n\t\t\t<dt class='gallery-icon landscape'>\n\t\t\t\t<a data-rel=\"iLightbox[postimages]\" data-title=\"18\u00ba Congresso Nacional &#8211; &#8220;Converse com Especialistas&#8221;\" data-caption=\"\" href='https:\/\/www.anamt.org.br\/portal\/wp-content\/uploads\/2021\/04\/10-04_ESPECIALISTAS-04.jpg'><img width=\"150\" height=\"150\" src=\"https:\/\/www.anamt.org.br\/portal\/wp-content\/uploads\/2021\/04\/10-04_ESPECIALISTAS-04-150x150.jpg\" class=\"attachment-thumbnail size-thumbnail\" alt=\"\" decoding=\"async\" srcset=\"https:\/\/www.anamt.org.br\/portal\/wp-content\/uploads\/2021\/04\/10-04_ESPECIALISTAS-04-66x66.jpg 66w, https:\/\/www.anamt.org.br\/portal\/wp-content\/uploads\/2021\/04\/10-04_ESPECIALISTAS-04-150x150.jpg 150w\" sizes=\"(max-width: 150px) 100vw, 150px\" \/><\/a>\n\t\t\t<\/dt><\/dl><dl class='gallery-item'>\n\t\t\t<dt class='gallery-icon landscape'>\n\t\t\t\t<a data-rel=\"iLightbox[postimages]\" data-title=\"18\u00ba Congresso Nacional &#8211; &#8220;Converse com Especialistas&#8221;\" data-caption=\"\" href='https:\/\/www.anamt.org.br\/portal\/wp-content\/uploads\/2021\/04\/10-04_ESPECIALISTAS-02.jpg'><img width=\"150\" height=\"150\" src=\"https:\/\/www.anamt.org.br\/portal\/wp-content\/uploads\/2021\/04\/10-04_ESPECIALISTAS-02-150x150.jpg\" class=\"attachment-thumbnail size-thumbnail\" alt=\"\" decoding=\"async\" srcset=\"https:\/\/www.anamt.org.br\/portal\/wp-content\/uploads\/2021\/04\/10-04_ESPECIALISTAS-02-66x66.jpg 66w, https:\/\/www.anamt.org.br\/portal\/wp-content\/uploads\/2021\/04\/10-04_ESPECIALISTAS-02-150x150.jpg 150w\" sizes=\"(max-width: 150px) 100vw, 150px\" \/><\/a>\n\t\t\t<\/dt><\/dl><dl class='gallery-item'>\n\t\t\t<dt class='gallery-icon landscape'>\n\t\t\t\t<a data-rel=\"iLightbox[postimages]\" data-title=\"18\u00ba Congresso Nacional &#8211; &#8220;Converse com Especialistas&#8221;\" data-caption=\"\" href='https:\/\/www.anamt.org.br\/portal\/wp-content\/uploads\/2021\/04\/10-04_ESPECIALISTAS-03.jpg'><img width=\"150\" height=\"150\" src=\"https:\/\/www.anamt.org.br\/portal\/wp-content\/uploads\/2021\/04\/10-04_ESPECIALISTAS-03-150x150.jpg\" class=\"attachment-thumbnail size-thumbnail\" alt=\"\" decoding=\"async\" srcset=\"https:\/\/www.anamt.org.br\/portal\/wp-content\/uploads\/2021\/04\/10-04_ESPECIALISTAS-03-66x66.jpg 66w, https:\/\/www.anamt.org.br\/portal\/wp-content\/uploads\/2021\/04\/10-04_ESPECIALISTAS-03-150x150.jpg 150w\" sizes=\"(max-width: 150px) 100vw, 150px\" \/><\/a>\n\t\t\t<\/dt><\/dl><dl class='gallery-item'>\n\t\t\t<dt class='gallery-icon landscape'>\n\t\t\t\t<a data-rel=\"iLightbox[postimages]\" data-title=\"18\u00ba Congresso Nacional &#8211; &#8220;Converse com Especialistas&#8221;\" data-caption=\"\" href='https:\/\/www.anamt.org.br\/portal\/wp-content\/uploads\/2021\/04\/10-04_ESPECIALISTAS-01.jpg'><img width=\"150\" height=\"150\" src=\"https:\/\/www.anamt.org.br\/portal\/wp-content\/uploads\/2021\/04\/10-04_ESPECIALISTAS-01-150x150.jpg\" class=\"attachment-thumbnail size-thumbnail\" alt=\"\" decoding=\"async\" srcset=\"https:\/\/www.anamt.org.br\/portal\/wp-content\/uploads\/2021\/04\/10-04_ESPECIALISTAS-01-66x66.jpg 66w, https:\/\/www.anamt.org.br\/portal\/wp-content\/uploads\/2021\/04\/10-04_ESPECIALISTAS-01-150x150.jpg 150w\" sizes=\"(max-width: 150px) 100vw, 150px\" \/><\/a>\n\t\t\t<\/dt><\/dl><dl class='gallery-item'>\n\t\t\t<dt class='gallery-icon landscape'>\n\t\t\t\t<a data-rel=\"iLightbox[postimages]\" data-title=\"18\u00ba Congresso Nacional &#8211; &#8220;Longevidade e Reabilita\u00e7\u00e3o como estrat\u00e9gia para Gest\u00e3o da Inclus\u00e3o&#8221;\" data-caption=\"\" href='https:\/\/www.anamt.org.br\/portal\/wp-content\/uploads\/2021\/04\/10-04_FIRJAN-03-650.jpg'><img width=\"150\" height=\"150\" src=\"https:\/\/www.anamt.org.br\/portal\/wp-content\/uploads\/2021\/04\/10-04_FIRJAN-03-650-150x150.jpg\" class=\"attachment-thumbnail size-thumbnail\" alt=\"\" decoding=\"async\" srcset=\"https:\/\/www.anamt.org.br\/portal\/wp-content\/uploads\/2021\/04\/10-04_FIRJAN-03-650-66x66.jpg 66w, https:\/\/www.anamt.org.br\/portal\/wp-content\/uploads\/2021\/04\/10-04_FIRJAN-03-650-150x150.jpg 150w\" sizes=\"(max-width: 150px) 100vw, 150px\" \/><\/a>\n\t\t\t<\/dt><\/dl><br style=\"clear: both\" \/>\n\t\t<\/div>\n\n<p>A partir das 11h, o bloco simult\u00e2neo de palestras &#8220;Converse com Especialistas&#8221; abordou diferentes \u00e1reas tem\u00e1ticas de interesse para o M\u00e9dico do Trabalho.<\/p>\n<p>D\u00favidas em torno da ortopedia foram esclarecidas pelo m\u00e9dico ortopedista na Secretaria Estadual de Sa\u00fade do Distrito Federal e Hospital das For\u00e7as Armadas, Dr. Marcello Oliveira Barbosa. J\u00e1 a coordenadora do Departamento de Doen\u00e7as Otorrinolaringol\u00f3gicas do Trabalho da Associa\u00e7\u00e3o Brasileira de Otorrinolaringologia e Cirurgia C\u00e9rvico-Facial (ABORL-CCF) e m\u00e9dica do trabalho, Dra. Mara Gandara, abordou quest\u00f5es em torno da otorrinolaringologia. Conflitos \u00e9ticos em Medicina do Trabalho e a gest\u00e3o da SST para COVID-19 foram abordados, respectivamente, pelo m\u00e9dico cl\u00ednico geral Dr. Carlos Magno Dalapicola e o m\u00e9dico do trabalho Dr. Octavio Augustos Oliveira.<\/p>\n<p>A Firjan SESI deu continua\u00e7\u00e3o aos debates com uma apresenta\u00e7\u00e3o sobre longevidade e reabilita\u00e7\u00e3o como estrat\u00e9gia para gest\u00e3o da inclus\u00e3o, com as coordenadoras No\u00e9lly Cristina Harrison Mercer, de Promo\u00e7\u00e3o da Sa\u00fade, e Eliane Damasceno, de Projetos Integrados de Responsabilidade Social.<\/p>\n<p>Ao longo da exposi\u00e7\u00e3o, as palestrantes demonstraram o surgimento e a evolu\u00e7\u00e3o da chamada &#8220;cidadania empresarial&#8221; a partir das d\u00e9cadas finais do s\u00e9culo XX, quando novas tend\u00eancias econ\u00f4micas, culturais e sociais levaram as empresas a adotarem responsabilidade para com o bem-estar social. Nesse contexto, a constru\u00e7\u00e3o de um ambiente ainda mais inclusivo e aspectos de inclus\u00e3o de reabilitados e da longevidade do trabalhador se tornaram cada vez mais presentes.<\/p>\n<p>Para as palestrantes, \u00e9 preciso abra\u00e7ar as mais diferentes faixas et\u00e1rias, com o foco na preven\u00e7\u00e3o e na capacidade para o trabalho por mais tempo. No evento, a Firjan SESI tamb\u00e9m contou com um estande virtual para apresentar os servi\u00e7os da institui\u00e7\u00e3o, entre eles, a nova ferramenta <em>SESI Viva +<\/em>, que oferece apoio no desenvolvimento de estrat\u00e9gias de sa\u00fade integrada do trabalhador.<\/p>\n<h3>A\u00e7\u00f5es da sa\u00fade ocupacional<\/h3>\n<p><img decoding=\"async\" class=\"aligncenter size-600 wp-image-41994\" src=\"https:\/\/www.anamt.org.br\/portal\/wp-content\/uploads\/2021\/04\/10-04_CASA_SAO_FRANCISCO-650-600x302.jpg\" alt=\"\" width=\"600\" height=\"302\" srcset=\"https:\/\/www.anamt.org.br\/portal\/wp-content\/uploads\/2021\/04\/10-04_CASA_SAO_FRANCISCO-650-200x101.jpg 200w, https:\/\/www.anamt.org.br\/portal\/wp-content\/uploads\/2021\/04\/10-04_CASA_SAO_FRANCISCO-650-300x151.jpg 300w, https:\/\/www.anamt.org.br\/portal\/wp-content\/uploads\/2021\/04\/10-04_CASA_SAO_FRANCISCO-650-400x201.jpg 400w, https:\/\/www.anamt.org.br\/portal\/wp-content\/uploads\/2021\/04\/10-04_CASA_SAO_FRANCISCO-650-540x272.jpg 540w, https:\/\/www.anamt.org.br\/portal\/wp-content\/uploads\/2021\/04\/10-04_CASA_SAO_FRANCISCO-650-600x302.jpg 600w, https:\/\/www.anamt.org.br\/portal\/wp-content\/uploads\/2021\/04\/10-04_CASA_SAO_FRANCISCO-650.jpg 650w\" sizes=\"(max-width: 600px) 100vw, 600px\" \/><\/p>\n<p>A Dra. Camila Nogueira, da Funda\u00e7\u00e3o S\u00e3o Francisco Xavier, d\u00e1 continuidade \u00e0s apresenta\u00e7\u00f5es, abordando as iniciativas da institui\u00e7\u00e3o no enfrentamento da pandemia de Covid-19. Ap\u00f3s apresentar o hist\u00f3rico do avan\u00e7o da doen\u00e7a desde 2019, na China, ela explicou o impacto inicial da mesma na Funda\u00e7\u00e3o, com assist\u00eancia aos trabalhadores sintom\u00e1ticos gripais, esclarecimento de d\u00favidas e manejo de afastamentos.<\/p>\n<p>Segundo ela, a \u00e1rea de sa\u00fade ocupacional assumiu um papel de protagonismo na institui\u00e7\u00e3o por conta do quadro, com novas demandas, como readequa\u00e7\u00e3o dos ambientes de trabalho, implementa\u00e7\u00e3o de plano do conting\u00eancia, aumento do absente\u00edsmo, orienta\u00e7\u00f5es peri\u00f3dicas para os trabalhadores e promo\u00e7\u00e3o da sa\u00fade para identifica\u00e7\u00e3o de agentes de risco e evitar a propaga\u00e7\u00e3o da doen\u00e7a no ambiente de trabalho.<\/p>\n<p>Entre as iniciativas desenvolvidas, implementa\u00e7\u00e3o do teletrabalho ou trabalho h\u00edbrido, ado\u00e7\u00e3o da telemedicina, aumento da disponibiliza\u00e7\u00e3o de itens de higieniza\u00e7\u00e3o e materiais de orienta\u00e7\u00e3o sobre a doen\u00e7a e sobre ergonomia e gin\u00e1stica laboral para os funcion\u00e1rios em teletrabalho.<\/p>\n<p>Tamb\u00e9m foram realizadas testagens estrat\u00e9gicas para mapear eventuais casos positivos da doen\u00e7a e promover o isolamento adequado, gest\u00e3o da vacina\u00e7\u00e3o, al\u00e9m de cuidados com a sa\u00fade mental das equipes, em especial profissionais na linha de frente do combate \u00e0 doen\u00e7a, que apresentaram queixas inclusive de constrangimento social.<\/p>\n<p>Para a m\u00e9dica, os pr\u00f3ximos desafios s\u00e3o a aten\u00e7\u00e3o \u00e0 sa\u00fade mental, eventuais mudan\u00e7as na legisla\u00e7\u00e3o trabalhista por conta do crescimento da ado\u00e7\u00e3o do home office, fadiga mental e f\u00edsica e educa\u00e7\u00e3o da popula\u00e7\u00e3o. \u201cParte das pessoas ainda n\u00e3o entende que as a\u00e7\u00f5es individuais s\u00e3o importantes\u201d, destacou a m\u00e9dica.<\/p>\n<h3>Sa\u00fade mental<\/h3>\n<p><img decoding=\"async\" class=\"aligncenter size-600 wp-image-42002\" src=\"https:\/\/www.anamt.org.br\/portal\/wp-content\/uploads\/2021\/04\/conferenciasaudemental-600x334.jpg\" alt=\"\" width=\"600\" height=\"334\" srcset=\"https:\/\/www.anamt.org.br\/portal\/wp-content\/uploads\/2021\/04\/conferenciasaudemental-200x111.jpg 200w, https:\/\/www.anamt.org.br\/portal\/wp-content\/uploads\/2021\/04\/conferenciasaudemental-300x167.jpg 300w, https:\/\/www.anamt.org.br\/portal\/wp-content\/uploads\/2021\/04\/conferenciasaudemental-400x223.jpg 400w, https:\/\/www.anamt.org.br\/portal\/wp-content\/uploads\/2021\/04\/conferenciasaudemental-600x334.jpg 600w, https:\/\/www.anamt.org.br\/portal\/wp-content\/uploads\/2021\/04\/conferenciasaudemental.jpg 650w\" sizes=\"(max-width: 600px) 100vw, 600px\" \/><\/p>\n<p>Mudan\u00e7as de humor, tristeza, ansiedade, apatia, culpa, descontentamento geral, desesperan\u00e7a, perda de interesse, solid\u00e3o, sofrimento emocional, automutila\u00e7\u00e3o, choro excessivo, irritabilidade e isolamento social. Esses s\u00e3o alguns dos sintomas de quem sofre de transtornos mentais e comportamentais. As condi\u00e7\u00f5es dos ambientes e dos processos de trabalho das pessoas podem desencadear esse tipo de adoecimento.<\/p>\n<p>A sa\u00fade mental foi o tema da confer\u00eancia com o Dr. Carlos Guilherme Figueiredo, m\u00e9dico psiquiatra da Secretaria de Economia do Distrito Federal (GDF) e vice-presidente da Associa\u00e7\u00e3o Psiqui\u00e1trica de Bras\u00edlia (APBr). Ao longo da exposi\u00e7\u00e3o, o palestrante abordou as influ\u00eancias gen\u00e9ticas e ambientais para a decorr\u00eancia de transtornos mentais, a necessidade de tratamento cont\u00ednuo desde o in\u00edcio, custos diretos e indiretos dessas doen\u00e7as, entre outros pontos.<\/p>\n<p><a href=\"http:\/\/www3.weforum.org\/docs\/WEF_Harvard_HE_GlobalEconomicBurdenNonCommunicableDiseases_2011.pdf\">Dados do relat\u00f3rio\u00a0<em>The Global Economic Burden of Non-communicable Diseases<\/em>,<\/a> publicado pelo F\u00f3rum Econ\u00f4mico Mundial e a Escola de Sa\u00fade P\u00fablica de Harvard, afirmam que 25% de todos os pacientes que usam um servi\u00e7o de sa\u00fade sofrem de pelo menos uma doen\u00e7a mental, neurol\u00f3gica ou comportamental.<\/p>\n<p>Ainda de acordo com o documento apresentado pelo conferencista, menos de 70% de todos os pa\u00edses da Organiza\u00e7\u00e3o Mundial da Sa\u00fade (OMS) t\u00eam programas de sa\u00fade mental e menos ainda t\u00eam or\u00e7amentos de sa\u00fade mental designados dentro do seu sistema nacional de sa\u00fade. A maioria dos pa\u00edses de baixa e m\u00e9dia renda dedica menos de 1% de seu or\u00e7amento de sa\u00fade para cuidados de sa\u00fade mental.<\/p>\n","protected":false},"excerpt":{"rendered":"<p>A programa\u00e7\u00e3o cient\u00edfica deste s\u00e1bado (10) de 18\u00ba Congresso Nacional teve in\u00edcio com uma palestra internacional do secret\u00e1rio-geral da Comiss\u00e3o Internacional de Sa\u00fade no Trabalho (ICOH) e diretor de pesquisa do Instituto Nacional de Seguro de Acidentes de Trabalho (INAIL), Dr. Sergio Iavicoli, mediada pelo assessor t\u00e9cnico com participa\u00e7\u00e3o na Diretoria de Rela\u00e7\u00f5es Internacionais da [&hellip;]<\/p>\n","protected":false},"author":1,"featured_media":41976,"comment_status":"closed","ping_status":"closed","sticky":false,"template":"","format":"standard","meta":{"footnotes":""},"categories":[78],"tags":[],"_links":{"self":[{"href":"https:\/\/www.anamt.org.br\/portal\/wp-json\/wp\/v2\/posts\/41975"}],"collection":[{"href":"https:\/\/www.anamt.org.br\/portal\/wp-json\/wp\/v2\/posts"}],"about":[{"href":"https:\/\/www.anamt.org.br\/portal\/wp-json\/wp\/v2\/types\/post"}],"author":[{"embeddable":true,"href":"https:\/\/www.anamt.org.br\/portal\/wp-json\/wp\/v2\/users\/1"}],"replies":[{"embeddable":true,"href":"https:\/\/www.anamt.org.br\/portal\/wp-json\/wp\/v2\/comments?post=41975"}],"version-history":[{"count":0,"href":"https:\/\/www.anamt.org.br\/portal\/wp-json\/wp\/v2\/posts\/41975\/revisions"}],"wp:featuredmedia":[{"embeddable":true,"href":"https:\/\/www.anamt.org.br\/portal\/wp-json\/wp\/v2\/media\/41976"}],"wp:attachment":[{"href":"https:\/\/www.anamt.org.br\/portal\/wp-json\/wp\/v2\/media?parent=41975"}],"wp:term":[{"taxonomy":"category","embeddable":true,"href":"https:\/\/www.anamt.org.br\/portal\/wp-json\/wp\/v2\/categories?post=41975"},{"taxonomy":"post_tag","embeddable":true,"href":"https:\/\/www.anamt.org.br\/portal\/wp-json\/wp\/v2\/tags?post=41975"}],"curies":[{"name":"wp","href":"https:\/\/api.w.org\/{rel}","templated":true}]}}