{"id":41962,"date":"2021-04-09T22:33:02","date_gmt":"2021-04-10T01:33:02","guid":{"rendered":"https:\/\/www.anamt.org.br\/portal\/?p=41962"},"modified":"2021-04-10T09:04:44","modified_gmt":"2021-04-10T12:04:44","slug":"18o-congresso-nacional-ago","status":"publish","type":"post","link":"https:\/\/www.anamt.org.br\/portal\/2021\/04\/09\/18o-congresso-nacional-ago\/","title":{"rendered":"Assembleia Geral Ordin\u00e1ria da ANAMT re\u00fane associados durante o 18\u00ba Congresso"},"content":{"rendered":"<p><img decoding=\"async\" class=\"aligncenter size-full wp-image-41964\" src=\"https:\/\/www.anamt.org.br\/portal\/wp-content\/uploads\/2021\/04\/rosylane_ago_site.jpg\" alt=\"\" width=\"500\" height=\"270\" \/><\/p>\n<p>A Assembleia Geral Ordin\u00e1ria da ANAMT foi realizada nesta sexta-feira de maneira online, durante o 18\u00ba Congresso Nacional da Associa\u00e7\u00e3o. O encontro foi aberto para associados adimplentes da entidade. Dra. Gabriella Oliveira, Diretora Administrativa, foi quem conduziu a reuni\u00e3o. Em seguida, o diretor de Divulga\u00e7\u00e3o da ANAMT, Dr. Luis Fernando Gagliard, fez uma apresenta\u00e7\u00e3o com as a\u00e7\u00f5es e os resultados da \u00e1rea ao longo do ano 2020, como a atua\u00e7\u00e3o junto \u00e0 especialidade durante a pandemia de Covid-19, o crescimento dos perfis nas redes sociais e a cria\u00e7\u00e3o de novos produtos de atualiza\u00e7\u00e3o profissional, como a ANAMT TV, o Podcast ANAMT e a plataforma ANAMT Virtual.<\/p>\n<p><img decoding=\"async\" class=\"aligncenter size-full wp-image-41963\" src=\"https:\/\/www.anamt.org.br\/portal\/wp-content\/uploads\/2021\/04\/LF_site.jpg\" alt=\"\" width=\"500\" height=\"272\" \/><\/p>\n<p>Dra. Joyce Pessoa, Diretora Financeira, informou que o balancete referente ao ano de 2020 foi aprovado pelo Conselho Fiscal e j\u00e1 est\u00e1 dispon\u00edvel na \u00c1rea do Associado do site da ANAMT. Ela tamb\u00e9m apresentou as melhorias implementadas pela Diretoria, como o aumento do n\u00famero de associados, a aproxima\u00e7\u00e3o com as Federadas e um maior leque de benef\u00edcios aos associados. Uma vota\u00e7\u00e3o online foi aberta para aprovar a apresenta\u00e7\u00e3o da \u00e1rea financeira.<\/p>\n<p>Em seguida, o Assessor Jur\u00eddico da ANAMT, Dr. Alberthy Ogliari falou sobre as atualiza\u00e7\u00f5es com rela\u00e7\u00e3o \u00e0 parte jur\u00eddica da ANAMT os esfor\u00e7os para a regulariza\u00e7\u00e3o da Associa\u00e7\u00e3o no cart\u00f3rio de S\u00e3o Paulo, cidade onde fica localizada a sede da entidade.<\/p>\n<p>Dra. Rosylane Rocha, presidente da ANAMT, encerrou a AGO agradecendo ao apoio de todos da Diretoria e todos os presidentes das Federadas, al\u00e9m do trabalho dos colaboradores e da dedica\u00e7\u00e3o das editoras-chefe da RBMT, Dra. Andrea Franco Amoras Magalh\u00e3es e Dra. M\u00edrian Perp\u00e9tua Palha Dias Parente.<\/p>\n<p>\u201cTodos t\u00eam trabalho para tornar a nossa especialidade gigante\u201d, disse.<\/p>\n<p>&nbsp;<\/p>\n","protected":false},"excerpt":{"rendered":"<p>A Assembleia Geral Ordin\u00e1ria da ANAMT foi realizada nesta sexta-feira de maneira online, durante o 18\u00ba Congresso Nacional da Associa\u00e7\u00e3o. O encontro foi aberto para associados adimplentes da entidade. Dra. Gabriella Oliveira, Diretora Administrativa, foi quem conduziu a reuni\u00e3o. Em seguida, o diretor de Divulga\u00e7\u00e3o da ANAMT, Dr. Luis Fernando Gagliard, fez uma apresenta\u00e7\u00e3o com [&hellip;]<\/p>\n","protected":false},"author":1,"featured_media":41971,"comment_status":"closed","ping_status":"closed","sticky":false,"template":"","format":"standard","meta":{"footnotes":""},"categories":[78],"tags":[],"_links":{"self":[{"href":"https:\/\/www.anamt.org.br\/portal\/wp-json\/wp\/v2\/posts\/41962"}],"collection":[{"href":"https:\/\/www.anamt.org.br\/portal\/wp-json\/wp\/v2\/posts"}],"about":[{"href":"https:\/\/www.anamt.org.br\/portal\/wp-json\/wp\/v2\/types\/post"}],"author":[{"embeddable":true,"href":"https:\/\/www.anamt.org.br\/portal\/wp-json\/wp\/v2\/users\/1"}],"replies":[{"embeddable":true,"href":"https:\/\/www.anamt.org.br\/portal\/wp-json\/wp\/v2\/comments?post=41962"}],"version-history":[{"count":0,"href":"https:\/\/www.anamt.org.br\/portal\/wp-json\/wp\/v2\/posts\/41962\/revisions"}],"wp:featuredmedia":[{"embeddable":true,"href":"https:\/\/www.anamt.org.br\/portal\/wp-json\/wp\/v2\/media\/41971"}],"wp:attachment":[{"href":"https:\/\/www.anamt.org.br\/portal\/wp-json\/wp\/v2\/media?parent=41962"}],"wp:term":[{"taxonomy":"category","embeddable":true,"href":"https:\/\/www.anamt.org.br\/portal\/wp-json\/wp\/v2\/categories?post=41962"},{"taxonomy":"post_tag","embeddable":true,"href":"https:\/\/www.anamt.org.br\/portal\/wp-json\/wp\/v2\/tags?post=41962"}],"curies":[{"name":"wp","href":"https:\/\/api.w.org\/{rel}","templated":true}]}}