{"id":41942,"date":"2021-04-09T17:37:54","date_gmt":"2021-04-09T20:37:54","guid":{"rendered":"https:\/\/www.anamt.org.br\/portal\/?p=41942"},"modified":"2021-04-10T16:13:51","modified_gmt":"2021-04-10T19:13:51","slug":"18o-congresso-nacional-palestras-simultaneas-marcam-a-programacao-da-tarde","status":"publish","type":"post","link":"https:\/\/www.anamt.org.br\/portal\/2021\/04\/09\/18o-congresso-nacional-palestras-simultaneas-marcam-a-programacao-da-tarde\/","title":{"rendered":"18\u00ba Congresso Nacional: palestras simult\u00e2neas marcam a programa\u00e7\u00e3o da tarde"},"content":{"rendered":"<p><img decoding=\"async\" class=\"aligncenter size-600 wp-image-41958\" src=\"https:\/\/www.anamt.org.br\/portal\/wp-content\/uploads\/2021\/04\/sala-ergonomiav2-600x342.jpg\" alt=\"\" width=\"600\" height=\"342\" srcset=\"https:\/\/www.anamt.org.br\/portal\/wp-content\/uploads\/2021\/04\/sala-ergonomiav2-200x114.jpg 200w, https:\/\/www.anamt.org.br\/portal\/wp-content\/uploads\/2021\/04\/sala-ergonomiav2-300x171.jpg 300w, https:\/\/www.anamt.org.br\/portal\/wp-content\/uploads\/2021\/04\/sala-ergonomiav2-400x228.jpg 400w, https:\/\/www.anamt.org.br\/portal\/wp-content\/uploads\/2021\/04\/sala-ergonomiav2-600x342.jpg 600w, https:\/\/www.anamt.org.br\/portal\/wp-content\/uploads\/2021\/04\/sala-ergonomiav2.jpg 650w\" sizes=\"(max-width: 600px) 100vw, 600px\" \/><\/p>\n<p>Na tarde desta sexta-feira (9), a programa\u00e7\u00e3o cient\u00edfica do 18\u00ba Congresso Nacional contou com a realiza\u00e7\u00e3o de palestras simult\u00e2neas. No audit\u00f3rio principal, o tema abordado foi o Diagn\u00f3stico Epidemiol\u00f3gico e Dados Estat\u00edsticos de Adoecimento no Brasil. Dra. Tatiana Rigotti Bastos coordenou o debate, que teve e a participa\u00e7\u00e3o do Dr. Francisco Cortes Fernandes; Dr. \u00d3rion S\u00e1vio Santos de Oliveira; e Dr. Paulo Roberto Z\u00e9tola.<\/p>\n<p>Na sala Bel\u00e9m, Dra. Marilurdes Monteiro coordenou os especialistas Dr. M\u00e1rio C\u00e9sar Ferreira, Dra. Leyla F. Nascimento; e Hudson de Ara\u00fajo Couto no debate sobre Gest\u00e3o da Qualidade de Vida no Trabalho. J\u00e1 na sala Par\u00e1 o painel foi sobre Aspectos Cl\u00ednicos e Epidemiol\u00f3gicos da Dor Cr\u00f4nica. O debate foi coordenado pelo Dr. Pietro Aguiar e aprofundado pelos especialistas Dra. Ang\u00e9lle J\u00e1como; Dr. Roberto Rodrigues Souza Filho; e Dr. Manoel de F. Villarroel.<\/p>\n<p>&nbsp;<\/p>\n<p><img decoding=\"async\" class=\"aligncenter size-600 wp-image-41959\" src=\"https:\/\/www.anamt.org.br\/portal\/wp-content\/uploads\/2021\/04\/Pol\u00edticas-P\u00fablicas-da-Pessoa-com-orionv2-600x340.jpg\" alt=\"\" width=\"600\" height=\"340\" srcset=\"https:\/\/www.anamt.org.br\/portal\/wp-content\/uploads\/2021\/04\/Pol\u00edticas-P\u00fablicas-da-Pessoa-com-orionv2-200x113.jpg 200w, https:\/\/www.anamt.org.br\/portal\/wp-content\/uploads\/2021\/04\/Pol\u00edticas-P\u00fablicas-da-Pessoa-com-orionv2-300x170.jpg 300w, https:\/\/www.anamt.org.br\/portal\/wp-content\/uploads\/2021\/04\/Pol\u00edticas-P\u00fablicas-da-Pessoa-com-orionv2-400x226.jpg 400w, https:\/\/www.anamt.org.br\/portal\/wp-content\/uploads\/2021\/04\/Pol\u00edticas-P\u00fablicas-da-Pessoa-com-orionv2-600x340.jpg 600w, https:\/\/www.anamt.org.br\/portal\/wp-content\/uploads\/2021\/04\/Pol\u00edticas-P\u00fablicas-da-Pessoa-com-orionv2.jpg 650w\" sizes=\"(max-width: 600px) 100vw, 600px\" \/><\/p>\n<p>&nbsp;<\/p>\n<h3>Inclus\u00e3o para o trabalhador com defici\u00eancia<\/h3>\n<p>No audit\u00f3rio Maraj\u00f3, a Inclus\u00e3o e Acessibilidade para o Trabalhador com Defici\u00eancia foi o tema escolhido para ser debatido pelos painelistas Dr. Josierton Cruz Bezerra; Dra. Amariles Souza Lima N. de Queiroz; e Dr. Orion S\u00e1vio Santos de Oliveira, coordenados pela Dra. Jene Greyce Oliveira da Cruz. As palestras destacaram a complexa legisla\u00e7\u00e3o, a import\u00e2ncia das boas pr\u00e1ticas m\u00e9dicas na avalia\u00e7\u00e3o da defici\u00eancia e os conceitos de inclus\u00e3o.<\/p>\n<p>A Dra. Amarildes Souza Lima de Queiroz falou sobre avalia\u00e7\u00e3o da pessoa com defici\u00eancia. M\u00e9dica, psic\u00f3loga e perita m\u00e9dica federal, ela chamou a aten\u00e7\u00e3o para os desafios de inserir a pessoa com defici\u00eancia no mercado de trabalho.<\/p>\n<p>\u201cO desafio n\u00e3o \u00e9 fazer o diagn\u00f3stico porque a pessoa j\u00e1 tem o diagn\u00f3stico. Mas sim inclu\u00ed-la como trabalhador e cidad\u00e3o. Essa pessoa precisa de gerenciamento para sua inclus\u00e3o. \u00c9 preciso romper paradigmas\u201d, pontuou. Para a especialista, o m\u00e9dico do trabalho \u00e9 fundamental nesse processo de acolhimento: \u201cEle precisa ter um relacionamento direto com o RH e contribuir para inserir esse trabalhador de forma efetiva.\u201d<\/p>\n<p>O tema sobre \u201cLegisla\u00e7\u00e3o Aplicada\u201d contou com o m\u00e9dico do trabalho Dr. Josierton Cruz Bezerra, que \u00e9 perito e integrante da C\u00e2mara T\u00e9cnica de Medicina do Trabalho no Conselho Federal de Medicina (CFM). Ele falou sobre os marcos normativos relevantes que envolvem a pessoa deficiente e sua evolu\u00e7\u00e3o hist\u00f3rica.<\/p>\n<p>Por \u00faltimo, um painel sobre \u201cPol\u00edticas p\u00fablicas\u201d apresentado pelo especialista \u00d3rion S\u00e1vio Santos de Oliveira, Analista T\u00e9cnico de Pol\u00edticas Sociais da Subsecretaria do Regime Geral de Previd\u00eancia Social. Ele ressaltou a import\u00e2ncia da legisla\u00e7\u00e3o e a necessidade de seu aperfei\u00e7oamento constante e explicou sobre os diferentes resultados na aplica\u00e7\u00e3o da prote\u00e7\u00e3o e da concess\u00e3o de benef\u00edcios.<\/p>\n<p>\u00d3rion disse que hoje s\u00e3o 2,6 milh\u00f5es de pessoas com defici\u00eancia que recebem o Benef\u00edcio de Presta\u00e7\u00e3o Continuada (BPC), o que soma R$ 31 bilh\u00f5es\/ano. \u201cNo momento em que estamos vivendo, a medicina tem papel importante. Avalia\u00e7\u00e3o \u00e9 um desafio. \u00c9 preciso ter crit\u00e9rios uniformes para dar acesso adequado e n\u00e3o reduzir os benef\u00edcios\u201d, acentuou.<\/p>\n<h3>Defesa Profissional<\/h3>\n<p>O painel sobre Defesa Profissional, realizado na Sala Bel\u00e9m, foi coordenado pelo Dr. Ricardo Martins e contou com tr\u00eas temas. O primeiro, sobre \u201cAutonomia e responsabilidade do m\u00e9dico do trabalho na gest\u00e3o SST-OIT\u201d, foi abordado pela Dra. Gabriella Ribeiro. O segundo, destacou \u201cA fiscaliza\u00e7\u00e3o das cl\u00ednicas de Seguran\u00e7a e Medicina do Trabalho pelos CFMs, com palestra do Dr. Emanuel Fortes Silveira Cavalcanti. O \u00faltimo painel foi sobre \u2018Sa\u00fade suplementar na Medicina do Trabalho\u201d, com a Dra Walneia Cristina Almeida Moreira.<\/p>\n<p>Conselheiro do CFM, Dr. Emanuel destacou que nos \u00faltimos 40 anos os m\u00e9dicos sofreram com falta de condi\u00e7\u00f5es de trabalho. Entre as consequ\u00eancias para os m\u00e9dicos, avaliou, observam-se a perda da autoestima, adoecimento f\u00edsico e mental, e abandono da profiss\u00e3o.<\/p>\n<p>\u201cA Medicina se transformou em um campo de batalha\u201d, observou o especialista ao defender que os profissionais devem exercer o seu protagonismo. Segundo ele, o peso da Medicina no PIB \u00e9 de cerca de 10%, envolvendo algo em torno de R$ 750 bilh\u00f5es no momento. Em 2020, esse valor, que \u00e9 o somat\u00f3rio de todas as despesas com Sa\u00fade no pa\u00eds, foi de R$ 676,6 bilh\u00f5es.<\/p>\n<p><img decoding=\"async\" class=\"aligncenter size-600 wp-image-42165\" src=\"https:\/\/www.anamt.org.br\/portal\/wp-content\/uploads\/2021\/04\/ASPECTOS-PR\u00c1TICOS-T\u00c9CNICOS2-600x328.jpg\" alt=\"\" width=\"600\" height=\"328\" srcset=\"https:\/\/www.anamt.org.br\/portal\/wp-content\/uploads\/2021\/04\/ASPECTOS-PR\u00c1TICOS-T\u00c9CNICOS2-200x109.jpg 200w, https:\/\/www.anamt.org.br\/portal\/wp-content\/uploads\/2021\/04\/ASPECTOS-PR\u00c1TICOS-T\u00c9CNICOS2-300x164.jpg 300w, https:\/\/www.anamt.org.br\/portal\/wp-content\/uploads\/2021\/04\/ASPECTOS-PR\u00c1TICOS-T\u00c9CNICOS2-400x218.jpg 400w, https:\/\/www.anamt.org.br\/portal\/wp-content\/uploads\/2021\/04\/ASPECTOS-PR\u00c1TICOS-T\u00c9CNICOS2-600x328.jpg 600w, https:\/\/www.anamt.org.br\/portal\/wp-content\/uploads\/2021\/04\/ASPECTOS-PR\u00c1TICOS-T\u00c9CNICOS2.jpg 650w\" sizes=\"(max-width: 600px) 100vw, 600px\" \/><\/p>\n<h3>Home office<\/h3>\n<p>Na sala Par\u00e1, o debate foi sobre &#8220;Aspectos pr\u00e1ticos, t\u00e9cnicos e \u00e9ticos do dia a dia do m\u00e9dico do trabalho&#8221;, sob a coordena\u00e7\u00e3o do Dr. Carlos Magno Pretti Dalapicola, conselheiro do CFM. Para aprofundar o conte\u00fado foram convidados o cardiologista e auditor do Trabalho, Dr Carlos Eduardo Ferreira Domingues, que falou sobre \u201cExame de Aso: exame m\u00e9dico + exames complementares: aptid\u00e3o X inaptid\u00e3o X restri\u00e7\u00e3o&#8221;. e o Dr. Jo\u00e3o Alberto Maeso Montes, especialista em Medicina do Trabalho que falou sobre &#8220;Acidente de trabalho: nexo casual e emiss\u00e3o de CAT&#8221;.<\/p>\n<p>O desembargador Sebasti\u00e3o Geraldo de Oliveira, do TRT da 3\u00aa Regi\u00e3o (MG), falou sobre o tema \u2018Home office: o conceito foi estendido\u2019, tema que ganhou destaque com a pandemia da Covid-19.\u00a0O trabalho remoto n\u00e3o exime o empregador, conforme explicou o desembargador. &#8220;Quem pede os fins tem que oferecer os meios, proporcionar o ambiente adequado &#8211; dita a norma trabalhista&#8221;, disse<\/p>\n<p>O teletrabalho n\u00e3o \u00e9 novo no ordenamento jur\u00eddico. Desde 1943 j\u00e1 estava previsto na Consolida\u00e7\u00e3o das Leis Trabalhistas (CLT), observou Oliveira. O desembargador enfatizou tamb\u00e9m a import\u00e2ncia da Conven\u00e7\u00e3o 155 da OIT, ratificada pelo Brasil, com suas normas abrangentes de prote\u00e7\u00e3o ao trabalhador.<\/p>\n<p>\u201cA express\u00e3o local de trabalho abrange todos os lugares onde os trabalhadores devem permanecer ou onde t\u00eam que comparecer, e que estejam sob controle direto ou indireto, do empregador\u201d, diz o artigo 3 da norma da OIT.\u00a0 \u201cO empregador deve oferecer treinamento, adequa\u00e7\u00e3o operacional e fiscaliza\u00e7\u00e3o para que todos os cuidados legais em prote\u00e7\u00e3o ao trabalhador sejam tomados, mesmo que em teletrabalho. O acidente de trabalho, por exemplo, pode ocorrer mesmo dentro de casa onde o empregado exerce suas fun\u00e7\u00f5es&#8221;, ressalta o magistrado.<\/p>\n<p>&nbsp;<\/p>\n","protected":false},"excerpt":{"rendered":"<p>Na tarde desta sexta-feira (9), a programa\u00e7\u00e3o cient\u00edfica do 18\u00ba Congresso Nacional contou com a realiza\u00e7\u00e3o de palestras simult\u00e2neas. No audit\u00f3rio principal, o tema abordado foi o Diagn\u00f3stico Epidemiol\u00f3gico e Dados Estat\u00edsticos de Adoecimento no Brasil. Dra. Tatiana Rigotti Bastos coordenou o debate, que teve e a participa\u00e7\u00e3o do Dr. Francisco Cortes Fernandes; Dr. \u00d3rion [&hellip;]<\/p>\n","protected":false},"author":1,"featured_media":41969,"comment_status":"closed","ping_status":"closed","sticky":false,"template":"","format":"standard","meta":{"footnotes":""},"categories":[78],"tags":[],"_links":{"self":[{"href":"https:\/\/www.anamt.org.br\/portal\/wp-json\/wp\/v2\/posts\/41942"}],"collection":[{"href":"https:\/\/www.anamt.org.br\/portal\/wp-json\/wp\/v2\/posts"}],"about":[{"href":"https:\/\/www.anamt.org.br\/portal\/wp-json\/wp\/v2\/types\/post"}],"author":[{"embeddable":true,"href":"https:\/\/www.anamt.org.br\/portal\/wp-json\/wp\/v2\/users\/1"}],"replies":[{"embeddable":true,"href":"https:\/\/www.anamt.org.br\/portal\/wp-json\/wp\/v2\/comments?post=41942"}],"version-history":[{"count":0,"href":"https:\/\/www.anamt.org.br\/portal\/wp-json\/wp\/v2\/posts\/41942\/revisions"}],"wp:featuredmedia":[{"embeddable":true,"href":"https:\/\/www.anamt.org.br\/portal\/wp-json\/wp\/v2\/media\/41969"}],"wp:attachment":[{"href":"https:\/\/www.anamt.org.br\/portal\/wp-json\/wp\/v2\/media?parent=41942"}],"wp:term":[{"taxonomy":"category","embeddable":true,"href":"https:\/\/www.anamt.org.br\/portal\/wp-json\/wp\/v2\/categories?post=41942"},{"taxonomy":"post_tag","embeddable":true,"href":"https:\/\/www.anamt.org.br\/portal\/wp-json\/wp\/v2\/tags?post=41942"}],"curies":[{"name":"wp","href":"https:\/\/api.w.org\/{rel}","templated":true}]}}