{"id":41832,"date":"2021-03-31T12:19:09","date_gmt":"2021-03-31T15:19:09","guid":{"rendered":"https:\/\/www.anamt.org.br\/portal\/?p=41832"},"modified":"2021-03-31T13:10:17","modified_gmt":"2021-03-31T16:10:17","slug":"abnt-publica-documento-com-parametros-para-protetores-faciais","status":"publish","type":"post","link":"https:\/\/www.anamt.org.br\/portal\/2021\/03\/31\/abnt-publica-documento-com-parametros-para-protetores-faciais\/","title":{"rendered":"ABNT publica documento com par\u00e2metros para protetores faciais"},"content":{"rendered":"<p>A ABNT (Associa\u00e7\u00e3o Brasileira de Normas T\u00e9cnicas) publicou no dia 11 de mar\u00e7o, a Pr\u00e1tica Recomendada 1009:2021 para protetores faciais. O documento estabelece os requisitos de constru\u00e7\u00e3o, ensaios, prote\u00e7\u00f5es, indica\u00e7\u00f5es e limita\u00e7\u00f5es de uso, bem como as instru\u00e7\u00f5es para armazenamento, higieniza\u00e7\u00e3o e demais informa\u00e7\u00f5es relevantes para o desenvolvimento, cuidado e manuten\u00e7\u00e3o do equipamento.<\/p>\n<p>Conforme Lorena Reis Rodrigues, engenheira qu\u00edmica e pesquisadora do IPT (Instituto de Pesquisas Tecnol\u00f3gicas do Estado de S\u00e3o Paulo), a Pr\u00e1tica Recomendada \u00e9 um guia para orienta\u00e7\u00e3o sobre o uso, constru\u00e7\u00e3o, sele\u00e7\u00e3o e regula\u00e7\u00e3o de protetores faciais, especialmente em atividades voltadas \u00e0 \u00e1rea da sa\u00fade engajadas no enfrentamento da pandemia do coronav\u00edrus.<\/p>\n<p>\u201cConforme a pr\u00f3pria PR traz em seu conte\u00fado, o documento estabelece requisitos de constru\u00e7\u00e3o, indica\u00e7\u00e3o de ensaios e suas respectivas prote\u00e7\u00f5es de acordo com a norma t\u00e9cnica homologada pelo \u00f3rg\u00e3o regulador, indica\u00e7\u00f5es e limita\u00e7\u00f5es de uso, instru\u00e7\u00f5es para armazenamento e higieniza\u00e7\u00e3o e outras informa\u00e7\u00f5es pertinentes, seja para o desenvolvimento deste EPI ou mesmo para a escolha do equipamento correto de acordo com a fonte de risco que o usu\u00e1rio est\u00e1 exposto\u201d, salienta Lorena.<\/p>\n<p>A pesquisadora refor\u00e7a que a Pr\u00e1tica Recomendada n\u00e3o \u00e9 uma norma e sua publica\u00e7\u00e3o n\u00e3o substitui as normas t\u00e9cnicas homologadas ou legisla\u00e7\u00f5es vigentes. \u201cPara ensaios em protetores faciais, a norma t\u00e9cnica vigente no Brasil \u00e9 a ANSI\/ISEA Z87.1-2015, sendo que a PR faz men\u00e7\u00e3o a esta norma e traz seus requisitos como crit\u00e9rios de avalia\u00e7\u00e3o\u201d, refor\u00e7a Lorena.<\/p>\n<p>Ainda conforme ela, a PR pode auxiliar em diversas situa\u00e7\u00f5es em que seja importante avaliar a estrutura e o\u00a0desempenho do EPI, pois tamb\u00e9m apresenta informa\u00e7\u00f5es relevantes sobre os requisitos t\u00e9cnicos e regulat\u00f3rios que este EPI deve atender para ser considerado apto para uso em atividades voltadas \u00e0 \u00e1rea da sa\u00fade.<\/p>\n<p>Saiba mais acessando o site da ABNT <strong><a href=\"https:\/\/www.abntcatalogo.com.br\/norma.aspx?ID=465388\">neste link<\/a><\/strong>.<\/p>\n<p><em>(Fonte: ABNT)<\/em><\/p>\n","protected":false},"excerpt":{"rendered":"<p>A ABNT (Associa\u00e7\u00e3o Brasileira de Normas T\u00e9cnicas) publicou no dia 11 de mar\u00e7o, a Pr\u00e1tica Recomendada 1009:2021 para protetores faciais. O documento estabelece os requisitos de constru\u00e7\u00e3o, ensaios, prote\u00e7\u00f5es, indica\u00e7\u00f5es e limita\u00e7\u00f5es de uso, bem como as instru\u00e7\u00f5es para armazenamento, higieniza\u00e7\u00e3o e demais informa\u00e7\u00f5es relevantes para o desenvolvimento, cuidado e manuten\u00e7\u00e3o do equipamento. Conforme Lorena [&hellip;]<\/p>\n","protected":false},"author":1,"featured_media":33512,"comment_status":"closed","ping_status":"closed","sticky":false,"template":"","format":"standard","meta":{"footnotes":""},"categories":[80],"tags":[],"_links":{"self":[{"href":"https:\/\/www.anamt.org.br\/portal\/wp-json\/wp\/v2\/posts\/41832"}],"collection":[{"href":"https:\/\/www.anamt.org.br\/portal\/wp-json\/wp\/v2\/posts"}],"about":[{"href":"https:\/\/www.anamt.org.br\/portal\/wp-json\/wp\/v2\/types\/post"}],"author":[{"embeddable":true,"href":"https:\/\/www.anamt.org.br\/portal\/wp-json\/wp\/v2\/users\/1"}],"replies":[{"embeddable":true,"href":"https:\/\/www.anamt.org.br\/portal\/wp-json\/wp\/v2\/comments?post=41832"}],"version-history":[{"count":0,"href":"https:\/\/www.anamt.org.br\/portal\/wp-json\/wp\/v2\/posts\/41832\/revisions"}],"wp:featuredmedia":[{"embeddable":true,"href":"https:\/\/www.anamt.org.br\/portal\/wp-json\/wp\/v2\/media\/33512"}],"wp:attachment":[{"href":"https:\/\/www.anamt.org.br\/portal\/wp-json\/wp\/v2\/media?parent=41832"}],"wp:term":[{"taxonomy":"category","embeddable":true,"href":"https:\/\/www.anamt.org.br\/portal\/wp-json\/wp\/v2\/categories?post=41832"},{"taxonomy":"post_tag","embeddable":true,"href":"https:\/\/www.anamt.org.br\/portal\/wp-json\/wp\/v2\/tags?post=41832"}],"curies":[{"name":"wp","href":"https:\/\/api.w.org\/{rel}","templated":true}]}}