{"id":41821,"date":"2021-03-30T12:44:32","date_gmt":"2021-03-30T15:44:32","guid":{"rendered":"https:\/\/www.anamt.org.br\/portal\/?p=41821"},"modified":"2022-09-04T17:28:15","modified_gmt":"2022-09-04T20:28:15","slug":"podcast-anamt-fadiga-relacionada-ao-trabalho-em-novo-episodio","status":"publish","type":"post","link":"https:\/\/www.anamt.org.br\/portal\/2021\/03\/30\/podcast-anamt-fadiga-relacionada-ao-trabalho-em-novo-episodio\/","title":{"rendered":"Podcast ANAMT: fadiga relacionada ao trabalho em novo epis\u00f3dio"},"content":{"rendered":"<p>A fadiga relacionada ao trabalho est\u00e1 presente no dia a dia de muitos trabalhadores. O problema pode afetar a concentra\u00e7\u00e3o, o entusiasmo e at\u00e9 o rendimento do profissional, o que pode resultar em acidentes de trabalho e danos para a sa\u00fade. Entenda um pouco mais sobre o tema na nova edi\u00e7\u00e3o do<em> Podcast ANAMT<\/em>:<\/p>\n<div class=\"video-shortcode\"><iframe title=\"Spotify Embed: 41 - Fadiga no trabalho\" style=\"border-radius: 12px\" width=\"100%\" height=\"152\" frameborder=\"0\" allowfullscreen allow=\"autoplay; clipboard-write; encrypted-media; fullscreen; picture-in-picture\" loading=\"lazy\" src=\"https:\/\/open.spotify.com\/embed\/episode\/1VpFiCulSh5DJDMicza24S?si=MyViooL5Sy6S4chbOHwMqA&#038;utm_source=oembed\"><\/iframe><\/div>\n<p>Os podcasts tamb\u00e9m podem ser ouvidos gratuitamente na distribuidora <em>Anchor <\/em>e em outras plataformas, sem a requisi\u00e7\u00e3o do download de aplicativo ou cria\u00e7\u00e3o de uma conta para acesso. <a href=\"https:\/\/anchor.fm\/podcast-anamt\" target=\"_blank\" rel=\"noopener\">Clique aqui para selecionar uma op\u00e7\u00e3o de sua prefer\u00eancia.<\/a><\/p>\n<p>O texto da edi\u00e7\u00e3o est\u00e1 dispon\u00edvel <a href=\"https:\/\/www.anamt.org.br\/portal\/wp-content\/uploads\/2021\/03\/PODCAST_ANAMT_30-03-2021.pdf\" target=\"_blank\" rel=\"noopener\">clicando aqui.<\/a><\/p>\n","protected":false},"excerpt":{"rendered":"<p>A fadiga relacionada ao trabalho est\u00e1 presente no dia a dia de muitos trabalhadores. O problema pode afetar a concentra\u00e7\u00e3o, o entusiasmo e at\u00e9 o rendimento do profissional, o que pode resultar em acidentes de trabalho e danos para a sa\u00fade. Entenda um pouco mais sobre o tema na nova edi\u00e7\u00e3o do Podcast ANAMT: Os [&hellip;]<\/p>\n","protected":false},"author":1,"featured_media":40491,"comment_status":"closed","ping_status":"closed","sticky":false,"template":"","format":"standard","meta":{"footnotes":""},"categories":[77,242],"tags":[],"_links":{"self":[{"href":"https:\/\/www.anamt.org.br\/portal\/wp-json\/wp\/v2\/posts\/41821"}],"collection":[{"href":"https:\/\/www.anamt.org.br\/portal\/wp-json\/wp\/v2\/posts"}],"about":[{"href":"https:\/\/www.anamt.org.br\/portal\/wp-json\/wp\/v2\/types\/post"}],"author":[{"embeddable":true,"href":"https:\/\/www.anamt.org.br\/portal\/wp-json\/wp\/v2\/users\/1"}],"replies":[{"embeddable":true,"href":"https:\/\/www.anamt.org.br\/portal\/wp-json\/wp\/v2\/comments?post=41821"}],"version-history":[{"count":1,"href":"https:\/\/www.anamt.org.br\/portal\/wp-json\/wp\/v2\/posts\/41821\/revisions"}],"predecessor-version":[{"id":45522,"href":"https:\/\/www.anamt.org.br\/portal\/wp-json\/wp\/v2\/posts\/41821\/revisions\/45522"}],"wp:featuredmedia":[{"embeddable":true,"href":"https:\/\/www.anamt.org.br\/portal\/wp-json\/wp\/v2\/media\/40491"}],"wp:attachment":[{"href":"https:\/\/www.anamt.org.br\/portal\/wp-json\/wp\/v2\/media?parent=41821"}],"wp:term":[{"taxonomy":"category","embeddable":true,"href":"https:\/\/www.anamt.org.br\/portal\/wp-json\/wp\/v2\/categories?post=41821"},{"taxonomy":"post_tag","embeddable":true,"href":"https:\/\/www.anamt.org.br\/portal\/wp-json\/wp\/v2\/tags?post=41821"}],"curies":[{"name":"wp","href":"https:\/\/api.w.org\/{rel}","templated":true}]}}