{"id":41792,"date":"2021-03-22T15:42:39","date_gmt":"2021-03-22T18:42:39","guid":{"rendered":"https:\/\/www.anamt.org.br\/portal\/?p=41792"},"modified":"2021-03-22T15:42:39","modified_gmt":"2021-03-22T18:42:39","slug":"oms-cancer-de-mama-supera-o-de-pulmao-e-ja-e-o-mais-comum-no-mundo","status":"publish","type":"post","link":"https:\/\/www.anamt.org.br\/portal\/2021\/03\/22\/oms-cancer-de-mama-supera-o-de-pulmao-e-ja-e-o-mais-comum-no-mundo\/","title":{"rendered":"OMS: c\u00e2ncer de mama supera o de pulm\u00e3o e j\u00e1 \u00e9 o mais comum no mundo"},"content":{"rendered":"<p>O n\u00famero de novos casos de c\u00e2ncer\u00a0de\u00a0mama em 2020 representou 11,7% do total de todos os diagn\u00f3sticos da doen\u00e7a no ano e\u00a0superou o c\u00e2ncer de\u00a0pulm\u00e3o, que at\u00e9 ent\u00e3o afetava o maior n\u00famero de pessoas.\u00a0No entanto, o c\u00e2ncer de pulm\u00e3o continua a ser maior causa de mortes.<img decoding=\"async\" src=\"https:\/\/agenciabrasil.ebc.com.br\/ebc.png?id=1404630&amp;o=node\" \/><img decoding=\"async\" src=\"https:\/\/agenciabrasil.ebc.com.br\/ebc.gif?id=1404630&amp;o=node\" \/><\/p>\n<p>De acordo com a Ag\u00eancia Internacional para a Investiga\u00e7\u00e3o do C\u00e2ncer, da Organiza\u00e7\u00e3o Mundial da Sa\u00fade (OMS), em 2020 foram diagnosticados mais de 2,2\u00a0milh\u00f5es casos de c\u00e2ncer\u00a0de\u00a0mama, 11,7% do\u00a0total, sendo o que mais pessoas atinge no mundo.<\/p>\n<p>A diferen\u00e7a para o c\u00e2ncer\u00a0de\u00a0pulm\u00e3o &#8211; que era\u00a0o mais diagnosticado &#8211; n\u00e3o \u00e9 muita, segundo a ag\u00eancia.<\/p>\n<p>Com 11,4%\u00a0do total, o c\u00e2ncer\u00a0de\u00a0pulm\u00e3o \u00e9 o segundo mais encontrado, mas continua a ser aquele que mais pessoas mata. Em 2020 foi respons\u00e1vel pela morte de quase 1,8 milh\u00e3o de\u00a0pessoas, 18% do total de mortes por c\u00e2ncer. E se o da mama foi o mais diagnosticado em 2020, \u00e9 apenas o quinto na lista dos que mais matam, depois do pulm\u00e3o, colorretal, f\u00edgado e est\u00f4mago.<\/p>\n<p>Uma das raz\u00f5es para que o c\u00e2ncer\u00a0de\u00a0mama tenha se tornado de maior incid\u00eancia pode estar relacionado, dizem os especialistas, a fatores sociais como o envelhecimento da popula\u00e7\u00e3o, a maternidade cada vez mais tardia ou outras situa\u00e7\u00f5es como a obesidade, o sedentarismo, consumo de \u00e1lcool ou dietas inadequadas. Essas informa\u00e7\u00f5es foram dadas ao jornal<em> El Pa\u00eds<\/em> pelo m\u00e9dico \u00c1lvaro Rodriguez-Lescure, presidente da Sociedade Espanhola de Oncologia.<\/p>\n<p>De acordo com os\u00a0dados da\u00a0OMS, \u00e9 poss\u00edvel verificar que o c\u00e2ncer\u00a0de\u00a0pr\u00f3stata foi, no ano passado, o terceiro mais diagnosticado.<\/p>\n<p>A doen\u00e7a\u00a0\u00e9, no entanto, a oitava em rela\u00e7\u00e3o ao n\u00famero de mortes. No ano passado perderam a vida com c\u00e2ncer\u00a0de\u00a0pr\u00f3stata 370 mil pessoas.<\/p>\n<p><em>(Fonte: Ag\u00eancia Brasil)<\/em><\/p>\n","protected":false},"excerpt":{"rendered":"<p>O n\u00famero de novos casos de c\u00e2ncer\u00a0de\u00a0mama em 2020 representou 11,7% do total de todos os diagn\u00f3sticos da doen\u00e7a no ano e\u00a0superou o c\u00e2ncer de\u00a0pulm\u00e3o, que at\u00e9 ent\u00e3o afetava o maior n\u00famero de pessoas.\u00a0No entanto, o c\u00e2ncer de pulm\u00e3o continua a ser maior causa de mortes. De acordo com a Ag\u00eancia Internacional para a Investiga\u00e7\u00e3o [&hellip;]<\/p>\n","protected":false},"author":1,"featured_media":36525,"comment_status":"closed","ping_status":"closed","sticky":false,"template":"","format":"standard","meta":{"footnotes":""},"categories":[80],"tags":[],"_links":{"self":[{"href":"https:\/\/www.anamt.org.br\/portal\/wp-json\/wp\/v2\/posts\/41792"}],"collection":[{"href":"https:\/\/www.anamt.org.br\/portal\/wp-json\/wp\/v2\/posts"}],"about":[{"href":"https:\/\/www.anamt.org.br\/portal\/wp-json\/wp\/v2\/types\/post"}],"author":[{"embeddable":true,"href":"https:\/\/www.anamt.org.br\/portal\/wp-json\/wp\/v2\/users\/1"}],"replies":[{"embeddable":true,"href":"https:\/\/www.anamt.org.br\/portal\/wp-json\/wp\/v2\/comments?post=41792"}],"version-history":[{"count":0,"href":"https:\/\/www.anamt.org.br\/portal\/wp-json\/wp\/v2\/posts\/41792\/revisions"}],"wp:featuredmedia":[{"embeddable":true,"href":"https:\/\/www.anamt.org.br\/portal\/wp-json\/wp\/v2\/media\/36525"}],"wp:attachment":[{"href":"https:\/\/www.anamt.org.br\/portal\/wp-json\/wp\/v2\/media?parent=41792"}],"wp:term":[{"taxonomy":"category","embeddable":true,"href":"https:\/\/www.anamt.org.br\/portal\/wp-json\/wp\/v2\/categories?post=41792"},{"taxonomy":"post_tag","embeddable":true,"href":"https:\/\/www.anamt.org.br\/portal\/wp-json\/wp\/v2\/tags?post=41792"}],"curies":[{"name":"wp","href":"https:\/\/api.w.org\/{rel}","templated":true}]}}