{"id":41683,"date":"2021-02-25T16:04:25","date_gmt":"2021-02-25T19:04:25","guid":{"rendered":"https:\/\/www.anamt.org.br\/portal\/?p=41683"},"modified":"2022-09-04T17:28:15","modified_gmt":"2022-09-04T20:28:15","slug":"federada-da-anamt-no-acre-participa-de-podcast-sobre-a-situacao-do-estado-apos-enchentes","status":"publish","type":"post","link":"https:\/\/www.anamt.org.br\/portal\/2021\/02\/25\/federada-da-anamt-no-acre-participa-de-podcast-sobre-a-situacao-do-estado-apos-enchentes\/","title":{"rendered":"Federada da ANAMT no Acre participa de podcast sobre a situa\u00e7\u00e3o local ap\u00f3s enchentes"},"content":{"rendered":"<p>O vice-presidente da federada da ANAMT no Acre, a Associa\u00e7\u00e3o Acreana de Medicina do Trabalho (Asamt), Dr. Guilherme Pulici, participou da edi\u00e7\u00e3o de 25 de fevereiro do podcast E Tem Mais, da CNN. O programa abordou a situa\u00e7\u00e3o do Acre por conta das enchentes que atingem o estado, com crescimento dos casos de dengue, al\u00e9m da pandemia de Covid-19.<\/p>\n<p>&#8220;A segunda onda da pandemia veio com for\u00e7a aqui em Rio Branco. N\u00f3s acreditamos, ainda n\u00e3o temos nenhuma evid\u00eancia de que seja a nova variante amaz\u00f4nica, mas dada a proximidade geogr\u00e1fica e a novidade dos casos, n\u00f3s percebemos alguns casos diferentes que nos assustaram, com pessoas mais jovens, com gravidade um pouco maior, trouxe uma superlota\u00e7\u00e3o dos servi\u00e7os com rapidez, e a vinda das chuvas com a dengue tamb\u00e9m agravou a situa\u00e7\u00e3o. Agora, com a subida do leito dos rios, observamos tamb\u00e9m que outras doen\u00e7as est\u00e3o come\u00e7ando a aparecer. Estamos aguardando tamb\u00e9m a leptospirose como um segundo problema, j\u00e1 com diversas fam\u00edlias desabrigadas&#8221;, disse Dr. Guilherme em trecho da entrevista.<\/p>\n<p>O podcast pode ser ouvido na \u00edntegra <a href=\"https:\/\/open.spotify.com\/episode\/1dYXD2O257532yHw8HR3Gl?si=zkTqC4DpT6Ced-vAOhhMKg&amp;utm_source=copy-link&amp;nd=1\" target=\"_blank\" rel=\"noopener\"><strong>aqui<\/strong><\/a>.<\/p>\n","protected":false},"excerpt":{"rendered":"<p>O vice-presidente da federada da ANAMT no Acre, a Associa\u00e7\u00e3o Acreana de Medicina do Trabalho (Asamt), Dr. Guilherme Pulici, participou da edi\u00e7\u00e3o de 25 de fevereiro do podcast E Tem Mais, da CNN. O programa abordou a situa\u00e7\u00e3o do Acre por conta das enchentes que atingem o estado, com crescimento dos casos de dengue, al\u00e9m [&hellip;]<\/p>\n","protected":false},"author":1,"featured_media":30865,"comment_status":"closed","ping_status":"closed","sticky":false,"template":"","format":"standard","meta":{"footnotes":""},"categories":[77,242],"tags":[],"_links":{"self":[{"href":"https:\/\/www.anamt.org.br\/portal\/wp-json\/wp\/v2\/posts\/41683"}],"collection":[{"href":"https:\/\/www.anamt.org.br\/portal\/wp-json\/wp\/v2\/posts"}],"about":[{"href":"https:\/\/www.anamt.org.br\/portal\/wp-json\/wp\/v2\/types\/post"}],"author":[{"embeddable":true,"href":"https:\/\/www.anamt.org.br\/portal\/wp-json\/wp\/v2\/users\/1"}],"replies":[{"embeddable":true,"href":"https:\/\/www.anamt.org.br\/portal\/wp-json\/wp\/v2\/comments?post=41683"}],"version-history":[{"count":1,"href":"https:\/\/www.anamt.org.br\/portal\/wp-json\/wp\/v2\/posts\/41683\/revisions"}],"predecessor-version":[{"id":45525,"href":"https:\/\/www.anamt.org.br\/portal\/wp-json\/wp\/v2\/posts\/41683\/revisions\/45525"}],"wp:featuredmedia":[{"embeddable":true,"href":"https:\/\/www.anamt.org.br\/portal\/wp-json\/wp\/v2\/media\/30865"}],"wp:attachment":[{"href":"https:\/\/www.anamt.org.br\/portal\/wp-json\/wp\/v2\/media?parent=41683"}],"wp:term":[{"taxonomy":"category","embeddable":true,"href":"https:\/\/www.anamt.org.br\/portal\/wp-json\/wp\/v2\/categories?post=41683"},{"taxonomy":"post_tag","embeddable":true,"href":"https:\/\/www.anamt.org.br\/portal\/wp-json\/wp\/v2\/tags?post=41683"}],"curies":[{"name":"wp","href":"https:\/\/api.w.org\/{rel}","templated":true}]}}