{"id":41655,"date":"2021-02-18T09:54:26","date_gmt":"2021-02-18T12:54:26","guid":{"rendered":"https:\/\/www.anamt.org.br\/portal\/?p=41655"},"modified":"2022-09-04T17:28:15","modified_gmt":"2022-09-04T20:28:15","slug":"podcast-anamt-cancer-relacionado-ao-trabalho-e-o-tema-da-nova-edicao","status":"publish","type":"post","link":"https:\/\/www.anamt.org.br\/portal\/2021\/02\/18\/podcast-anamt-cancer-relacionado-ao-trabalho-e-o-tema-da-nova-edicao\/","title":{"rendered":"Podcast ANAMT: c\u00e2ncer relacionado ao trabalho \u00e9 o tema da nova edi\u00e7\u00e3o"},"content":{"rendered":"<p>A investiga\u00e7\u00e3o do c\u00e2ncer relacionado ao trabalho, ou c\u00e2ncer ocupacional, ganha destaque nesta edi\u00e7\u00e3o do<em> Podcast ANAMT<\/em>. Ou\u00e7a o epis\u00f3dio abaixo no Spotify ou busque por &#8220;Podcast ANAMT&#8221; em seu aplicativo de celular.<\/p>\n<p>Os podcasts tamb\u00e9m podem ser ouvidos gratuitamente na distribuidora <em>Anchor <\/em>e em outras plataformas, sem a requisi\u00e7\u00e3o do download de aplicativo ou cria\u00e7\u00e3o de uma conta para acesso. <a href=\"https:\/\/anchor.fm\/podcast-anamt\" target=\"_blank\" rel=\"noopener\">Clique aqui para selecionar uma op\u00e7\u00e3o de sua prefer\u00eancia.<\/a><\/p>\n<div class=\"video-shortcode\"><iframe title=\"Spotify Embed: 38 - Investiga\u00e7\u00e3o do c\u00e2ncer relacionado ao trabalho\" style=\"border-radius: 12px\" width=\"100%\" height=\"152\" frameborder=\"0\" allowfullscreen allow=\"autoplay; clipboard-write; encrypted-media; fullscreen; picture-in-picture\" loading=\"lazy\" src=\"https:\/\/open.spotify.com\/embed\/episode\/5Ojrr5wmqRBpE64au0Z92B?si=-hiY_xBlQVOLgR-w72VRWg&#038;utm_source=oembed\"><\/iframe><\/div>\n<p>O texto da edi\u00e7\u00e3o est\u00e1 dispon\u00edvel <a href=\"https:\/\/www.anamt.org.br\/portal\/wp-content\/uploads\/2021\/02\/PODCAST_ANAMT_18-02-2021.pdf\" target=\"_blank\" rel=\"noopener\">clicando aqui<\/a>.<\/p>\n","protected":false},"excerpt":{"rendered":"<p>A investiga\u00e7\u00e3o do c\u00e2ncer relacionado ao trabalho, ou c\u00e2ncer ocupacional, ganha destaque nesta edi\u00e7\u00e3o do Podcast ANAMT. Ou\u00e7a o epis\u00f3dio abaixo no Spotify ou busque por &#8220;Podcast ANAMT&#8221; em seu aplicativo de celular. Os podcasts tamb\u00e9m podem ser ouvidos gratuitamente na distribuidora Anchor e em outras plataformas, sem a requisi\u00e7\u00e3o do download de aplicativo ou [&hellip;]<\/p>\n","protected":false},"author":1,"featured_media":40491,"comment_status":"closed","ping_status":"closed","sticky":false,"template":"","format":"standard","meta":{"footnotes":""},"categories":[77,242],"tags":[],"_links":{"self":[{"href":"https:\/\/www.anamt.org.br\/portal\/wp-json\/wp\/v2\/posts\/41655"}],"collection":[{"href":"https:\/\/www.anamt.org.br\/portal\/wp-json\/wp\/v2\/posts"}],"about":[{"href":"https:\/\/www.anamt.org.br\/portal\/wp-json\/wp\/v2\/types\/post"}],"author":[{"embeddable":true,"href":"https:\/\/www.anamt.org.br\/portal\/wp-json\/wp\/v2\/users\/1"}],"replies":[{"embeddable":true,"href":"https:\/\/www.anamt.org.br\/portal\/wp-json\/wp\/v2\/comments?post=41655"}],"version-history":[{"count":1,"href":"https:\/\/www.anamt.org.br\/portal\/wp-json\/wp\/v2\/posts\/41655\/revisions"}],"predecessor-version":[{"id":45526,"href":"https:\/\/www.anamt.org.br\/portal\/wp-json\/wp\/v2\/posts\/41655\/revisions\/45526"}],"wp:featuredmedia":[{"embeddable":true,"href":"https:\/\/www.anamt.org.br\/portal\/wp-json\/wp\/v2\/media\/40491"}],"wp:attachment":[{"href":"https:\/\/www.anamt.org.br\/portal\/wp-json\/wp\/v2\/media?parent=41655"}],"wp:term":[{"taxonomy":"category","embeddable":true,"href":"https:\/\/www.anamt.org.br\/portal\/wp-json\/wp\/v2\/categories?post=41655"},{"taxonomy":"post_tag","embeddable":true,"href":"https:\/\/www.anamt.org.br\/portal\/wp-json\/wp\/v2\/tags?post=41655"}],"curies":[{"name":"wp","href":"https:\/\/api.w.org\/{rel}","templated":true}]}}