{"id":41543,"date":"2021-01-25T15:34:27","date_gmt":"2021-01-25T18:34:27","guid":{"rendered":"https:\/\/www.anamt.org.br\/portal\/?p=41543"},"modified":"2022-09-04T17:28:55","modified_gmt":"2022-09-04T20:28:55","slug":"podcast-anamt-chega-a-30a-edicao-abordando-o-tema-cancer-ocupacional","status":"publish","type":"post","link":"https:\/\/www.anamt.org.br\/portal\/2021\/01\/25\/podcast-anamt-chega-a-30a-edicao-abordando-o-tema-cancer-ocupacional\/","title":{"rendered":"Podcast ANAMT chega \u00e0 30\u00aa edi\u00e7\u00e3o abordando o tema c\u00e2ncer ocupacional"},"content":{"rendered":"<p>Em novembro de 2019, de olhos e ouvidos atentos \u00e0s demandas dos associados, a ANAMT lan\u00e7ou o Podcast ANAMT, uma parceria das diretorias de Divulga\u00e7\u00e3o e Cient\u00edfico cujo intuito foi combinar atualiza\u00e7\u00e3o profissional com a praticidade da tecnologia. Em janeiro, foi alcan\u00e7ado o marco da 30\u00aa edi\u00e7\u00e3o do podcast, que aborda o tema C\u00e2ncer Ocupacional (<a href=\"https:\/\/www.anamt.org.br\/portal\/2021\/01\/19\/podcast-anamt-nova-edicao-aborda-o-cancer-ocupacional\/\">clique aqui para saber mais<\/a>).<\/p>\n<p>A Associa\u00e7\u00e3o seleciona cuidadosamente os temas de interesse dos m\u00e9dicos do trabalho, com conte\u00fados cient\u00edficos relevantes e de qualidade \u2013\u00a0 an\u00e1lises e estudos referentes \u00e0 \u00e1rea de SST, respostas \u00e0s principais d\u00favidas, entrevistas com especialistas, etc. Em resposta \u00e0s solicita\u00e7\u00f5es dos associados, o Podcast ANAMT ganhou ainda mais praticidade em setembro de 2020 e chegou \u00e0s plataformas de streaming Spotify e Anchor, podendo ainda ser acessado no site da ANAMT.<\/p>\n<p>Aproveite para revisitar as edi\u00e7\u00f5es anteriores do Podcast! A lista completa est\u00e1 dispon\u00edvel na \u00c1rea do Associado da ANAMT!<\/p>\n","protected":false},"excerpt":{"rendered":"<p>Em novembro de 2019, de olhos e ouvidos atentos \u00e0s demandas dos associados, a ANAMT lan\u00e7ou o Podcast ANAMT, uma parceria das diretorias de Divulga\u00e7\u00e3o e Cient\u00edfico cujo intuito foi combinar atualiza\u00e7\u00e3o profissional com a praticidade da tecnologia. Em janeiro, foi alcan\u00e7ado o marco da 30\u00aa edi\u00e7\u00e3o do podcast, que aborda o tema C\u00e2ncer Ocupacional [&hellip;]<\/p>\n","protected":false},"author":1,"featured_media":40491,"comment_status":"closed","ping_status":"closed","sticky":false,"template":"","format":"standard","meta":{"footnotes":""},"categories":[77,242],"tags":[],"_links":{"self":[{"href":"https:\/\/www.anamt.org.br\/portal\/wp-json\/wp\/v2\/posts\/41543"}],"collection":[{"href":"https:\/\/www.anamt.org.br\/portal\/wp-json\/wp\/v2\/posts"}],"about":[{"href":"https:\/\/www.anamt.org.br\/portal\/wp-json\/wp\/v2\/types\/post"}],"author":[{"embeddable":true,"href":"https:\/\/www.anamt.org.br\/portal\/wp-json\/wp\/v2\/users\/1"}],"replies":[{"embeddable":true,"href":"https:\/\/www.anamt.org.br\/portal\/wp-json\/wp\/v2\/comments?post=41543"}],"version-history":[{"count":1,"href":"https:\/\/www.anamt.org.br\/portal\/wp-json\/wp\/v2\/posts\/41543\/revisions"}],"predecessor-version":[{"id":45529,"href":"https:\/\/www.anamt.org.br\/portal\/wp-json\/wp\/v2\/posts\/41543\/revisions\/45529"}],"wp:featuredmedia":[{"embeddable":true,"href":"https:\/\/www.anamt.org.br\/portal\/wp-json\/wp\/v2\/media\/40491"}],"wp:attachment":[{"href":"https:\/\/www.anamt.org.br\/portal\/wp-json\/wp\/v2\/media?parent=41543"}],"wp:term":[{"taxonomy":"category","embeddable":true,"href":"https:\/\/www.anamt.org.br\/portal\/wp-json\/wp\/v2\/categories?post=41543"},{"taxonomy":"post_tag","embeddable":true,"href":"https:\/\/www.anamt.org.br\/portal\/wp-json\/wp\/v2\/tags?post=41543"}],"curies":[{"name":"wp","href":"https:\/\/api.w.org\/{rel}","templated":true}]}}