{"id":41534,"date":"2021-01-25T12:02:43","date_gmt":"2021-01-25T15:02:43","guid":{"rendered":"https:\/\/www.anamt.org.br\/portal\/?p=41534"},"modified":"2021-01-25T12:02:43","modified_gmt":"2021-01-25T15:02:43","slug":"mpt-divulga-nota-tecnica-sobre-medidas-de-protecao-a-trabalhadoras-gestantes","status":"publish","type":"post","link":"https:\/\/www.anamt.org.br\/portal\/2021\/01\/25\/mpt-divulga-nota-tecnica-sobre-medidas-de-protecao-a-trabalhadoras-gestantes\/","title":{"rendered":"MPT divulga nota t\u00e9cnica sobre medidas de prote\u00e7\u00e3o a trabalhadoras gestantes"},"content":{"rendered":"<p>Em nota t\u00e9cnica divulgada nesta ter\u00e7a-feira (19), o Minist\u00e9rio P\u00fablico do Trabalho (MPT) recomenda a empresas, sindicatos e \u00f3rg\u00e3os da administra\u00e7\u00e3o p\u00fablica que adotem diretrizes para preservar a sa\u00fade de trabalhadoras gestantes durante a segunda onda da pandemia do novo coronav\u00edrus.<\/p>\n<p>O documento cont\u00e9m sete medidas de prote\u00e7\u00e3o \u00e0s gestantes. Entre elas est\u00e3o garantir, sempre que poss\u00edvel, o direito de elas realizarem trabalho remoto. A nota t\u00e9cnica recomenda ainda que as gestantes sejam dispensadas do local de trabalho, com remunera\u00e7\u00e3o assegurada, quando as atividades n\u00e3o forem compat\u00edveis com a modalidade home office.<\/p>\n<p>Al\u00e9m disso, o MPT orienta que seja aceito o afastamento dessas trabalhadoras mediante apresenta\u00e7\u00e3o de atestado m\u00e9dico que confirme a gravidez, sendo vedada a exig\u00eancia de atestados m\u00e9dicos contendo C\u00f3digo Internacional de Doen\u00e7as (CID), uma vez que a gestantes integram grupo de risco.<\/p>\n<p>A nota t\u00e9cnica foi elaborada pelo Grupo de Trabalho (GT) Covid-19.<\/p>\n<div class=\"wp-block-file\"><a href=\"https:\/\/protecao.com.br\/wp-content\/uploads\/2021\/01\/1611105786826.pdf\"><strong>Acesse aqui o documento completo<\/strong><\/a><\/div>\n<div><\/div>\n<div><em>(Fonte: Procuradoria Geral do Trabalho)<\/em><\/div>\n","protected":false},"excerpt":{"rendered":"<p>Em nota t\u00e9cnica divulgada nesta ter\u00e7a-feira (19), o Minist\u00e9rio P\u00fablico do Trabalho (MPT) recomenda a empresas, sindicatos e \u00f3rg\u00e3os da administra\u00e7\u00e3o p\u00fablica que adotem diretrizes para preservar a sa\u00fade de trabalhadoras gestantes durante a segunda onda da pandemia do novo coronav\u00edrus. O documento cont\u00e9m sete medidas de prote\u00e7\u00e3o \u00e0s gestantes. Entre elas est\u00e3o garantir, sempre [&hellip;]<\/p>\n","protected":false},"author":1,"featured_media":30853,"comment_status":"closed","ping_status":"closed","sticky":false,"template":"","format":"standard","meta":{"footnotes":""},"categories":[80],"tags":[],"_links":{"self":[{"href":"https:\/\/www.anamt.org.br\/portal\/wp-json\/wp\/v2\/posts\/41534"}],"collection":[{"href":"https:\/\/www.anamt.org.br\/portal\/wp-json\/wp\/v2\/posts"}],"about":[{"href":"https:\/\/www.anamt.org.br\/portal\/wp-json\/wp\/v2\/types\/post"}],"author":[{"embeddable":true,"href":"https:\/\/www.anamt.org.br\/portal\/wp-json\/wp\/v2\/users\/1"}],"replies":[{"embeddable":true,"href":"https:\/\/www.anamt.org.br\/portal\/wp-json\/wp\/v2\/comments?post=41534"}],"version-history":[{"count":0,"href":"https:\/\/www.anamt.org.br\/portal\/wp-json\/wp\/v2\/posts\/41534\/revisions"}],"wp:featuredmedia":[{"embeddable":true,"href":"https:\/\/www.anamt.org.br\/portal\/wp-json\/wp\/v2\/media\/30853"}],"wp:attachment":[{"href":"https:\/\/www.anamt.org.br\/portal\/wp-json\/wp\/v2\/media?parent=41534"}],"wp:term":[{"taxonomy":"category","embeddable":true,"href":"https:\/\/www.anamt.org.br\/portal\/wp-json\/wp\/v2\/categories?post=41534"},{"taxonomy":"post_tag","embeddable":true,"href":"https:\/\/www.anamt.org.br\/portal\/wp-json\/wp\/v2\/tags?post=41534"}],"curies":[{"name":"wp","href":"https:\/\/api.w.org\/{rel}","templated":true}]}}