{"id":41512,"date":"2021-01-19T16:00:32","date_gmt":"2021-01-19T19:00:32","guid":{"rendered":"https:\/\/www.anamt.org.br\/portal\/?p=41512"},"modified":"2022-09-04T17:28:55","modified_gmt":"2022-09-04T20:28:55","slug":"podcast-anamt-nova-edicao-aborda-o-cancer-ocupacional","status":"publish","type":"post","link":"https:\/\/www.anamt.org.br\/portal\/2021\/01\/19\/podcast-anamt-nova-edicao-aborda-o-cancer-ocupacional\/","title":{"rendered":"Podcast ANAMT: nova edi\u00e7\u00e3o aborda ocorr\u00eancia do c\u00e2ncer ocupacional"},"content":{"rendered":"<p>O c\u00e2ncer ocupacional \u00e9 o tema desta edi\u00e7\u00e3o do <em>Podcast ANAMT<\/em>. Sabe-se que a maioria dos c\u00e2nceres em etiologia multifatorial, estando associados a fatores gen\u00e9ticos e fatores ambientais. Entre esses inclu\u00edmos tabaco, \u00e1lcool, dietas inadequadas, obesidade, sedentarismo e exposi\u00e7\u00f5es ocupacionais a diversas subst\u00e2ncias.<\/p>\n<p>In\u00fameros trabalhadores est\u00e3o expostos a subst\u00e2ncias qu\u00edmicas, sendo estimado que apenas 5% da totalidade destas subst\u00e2ncias s\u00e3o testadas quanto a sua carcinogenicidade em estudos animais. Estima-se que entre 5 e 10% dos c\u00e2nceres derivam de exposi\u00e7\u00f5es ocupacionais.<\/p>\n<p>Ou\u00e7a o podcast no Spotify:<\/p>\n<div class=\"video-shortcode\"><iframe title=\"Spotify Embed: 35 - C\u00e2ncer ocupacional\" style=\"border-radius: 12px\" width=\"100%\" height=\"152\" frameborder=\"0\" allowfullscreen allow=\"autoplay; clipboard-write; encrypted-media; fullscreen; picture-in-picture\" loading=\"lazy\" src=\"https:\/\/open.spotify.com\/embed\/episode\/048dGMgzR4Kyf5HDBrqAID?si=okDWM2NsT8GIGHfJTenGCQ&#038;utm_source=oembed\"><\/iframe><\/div>\n<p>Os epis\u00f3dios tamb\u00e9m podem ser ouvidos gratuitamente na distribuidora <em>Anchor <\/em>e em outras plataformas, sem a requisi\u00e7\u00e3o do download de aplicativo ou cria\u00e7\u00e3o de uma conta para acesso. <a href=\"https:\/\/anchor.fm\/podcast-anamt\" target=\"_blank\" rel=\"noopener\">Clique aqui para selecionar uma op\u00e7\u00e3o de sua prefer\u00eancia.<\/a><\/p>\n<p>O texto da edi\u00e7\u00e3o est\u00e1 dispon\u00edvel <a href=\"https:\/\/www.anamt.org.br\/portal\/wp-content\/uploads\/2021\/01\/PODCAST_ANAMT_19-01-2021.pdf\" target=\"_blank\" rel=\"noopener\">clicando aqui.<\/a><\/p>\n","protected":false},"excerpt":{"rendered":"<p>O c\u00e2ncer ocupacional \u00e9 o tema desta edi\u00e7\u00e3o do Podcast ANAMT. Sabe-se que a maioria dos c\u00e2nceres em etiologia multifatorial, estando associados a fatores gen\u00e9ticos e fatores ambientais. Entre esses inclu\u00edmos tabaco, \u00e1lcool, dietas inadequadas, obesidade, sedentarismo e exposi\u00e7\u00f5es ocupacionais a diversas subst\u00e2ncias. In\u00fameros trabalhadores est\u00e3o expostos a subst\u00e2ncias qu\u00edmicas, sendo estimado que apenas 5% [&hellip;]<\/p>\n","protected":false},"author":1,"featured_media":40491,"comment_status":"closed","ping_status":"closed","sticky":false,"template":"","format":"standard","meta":{"footnotes":""},"categories":[77,242],"tags":[],"_links":{"self":[{"href":"https:\/\/www.anamt.org.br\/portal\/wp-json\/wp\/v2\/posts\/41512"}],"collection":[{"href":"https:\/\/www.anamt.org.br\/portal\/wp-json\/wp\/v2\/posts"}],"about":[{"href":"https:\/\/www.anamt.org.br\/portal\/wp-json\/wp\/v2\/types\/post"}],"author":[{"embeddable":true,"href":"https:\/\/www.anamt.org.br\/portal\/wp-json\/wp\/v2\/users\/1"}],"replies":[{"embeddable":true,"href":"https:\/\/www.anamt.org.br\/portal\/wp-json\/wp\/v2\/comments?post=41512"}],"version-history":[{"count":1,"href":"https:\/\/www.anamt.org.br\/portal\/wp-json\/wp\/v2\/posts\/41512\/revisions"}],"predecessor-version":[{"id":45530,"href":"https:\/\/www.anamt.org.br\/portal\/wp-json\/wp\/v2\/posts\/41512\/revisions\/45530"}],"wp:featuredmedia":[{"embeddable":true,"href":"https:\/\/www.anamt.org.br\/portal\/wp-json\/wp\/v2\/media\/40491"}],"wp:attachment":[{"href":"https:\/\/www.anamt.org.br\/portal\/wp-json\/wp\/v2\/media?parent=41512"}],"wp:term":[{"taxonomy":"category","embeddable":true,"href":"https:\/\/www.anamt.org.br\/portal\/wp-json\/wp\/v2\/categories?post=41512"},{"taxonomy":"post_tag","embeddable":true,"href":"https:\/\/www.anamt.org.br\/portal\/wp-json\/wp\/v2\/tags?post=41512"}],"curies":[{"name":"wp","href":"https:\/\/api.w.org\/{rel}","templated":true}]}}