{"id":41482,"date":"2021-01-12T12:31:59","date_gmt":"2021-01-12T15:31:59","guid":{"rendered":"https:\/\/www.anamt.org.br\/portal\/?p=41482"},"modified":"2021-03-02T10:35:50","modified_gmt":"2021-03-02T13:35:50","slug":"18o-congresso-nacional-da-anamt-evento-sera-realizado-no-formato-digital-2","status":"publish","type":"post","link":"https:\/\/www.anamt.org.br\/portal\/2021\/01\/12\/18o-congresso-nacional-da-anamt-evento-sera-realizado-no-formato-digital-2\/","title":{"rendered":"18\u00ba Congresso Nacional da ANAMT: evento ser\u00e1 realizado no formato digital"},"content":{"rendered":"<p>Nas \u00faltimas semanas temos observado uma alta expressiva nos casos de contamina\u00e7\u00e3o pelo novo coronav\u00edrus em todo o pa\u00eds, o que obrigou diversos munic\u00edpios a adotar novas medidas de preven\u00e7\u00e3o e aumentar o isolamento social. Diante deste cen\u00e1rio,\u00a0com o objetivo de n\u00e3o expor os congressistas aos riscos inerentes \u00e0s viagens diante da situa\u00e7\u00e3o atual da pandemia de Covid-19 no Brasil, o 18\u00ba Congresso Nacional da ANAMT ser\u00e1 realizado em <strong>formato digital<\/strong>, entre os dias <strong>8 e 10 de abril de 2021<\/strong>.\u00a0Todas as inscri\u00e7\u00f5es efetivadas at\u00e9 momento estar\u00e3o v\u00e1lidas automaticamente.<\/p>\n<p>A Associa\u00e7\u00e3o est\u00e1 estudando a melhor plataforma para ser adotada, para que os congressistas tenham uma experi\u00eancia enriquecedora e intuitiva. N\u00e3o haver\u00e1 nenhum preju\u00edzo \u00e0 programa\u00e7\u00e3o do evento e dos cursos pr\u00e9-congresso. O\u00a0evento reunir\u00e1 especialistas de refer\u00eancia para um extenso circuito de palestras, confer\u00eancias e cursos sobre os principais assuntos em debate na Medicina do Trabalho, sobre o tema central O Papel do M\u00e9dico do Trabalho na Aten\u00e7\u00e3o Prim\u00e1ria.<\/p>\n<p><a href=\"https:\/\/congresso.anamt.org.br\/\" target=\"_blank\" rel=\"noopener\">Clique aqui<\/a> para acessar o site do 18\u00ba Congresso Nacional da ANAMT.<\/p>\n<p>Em breve ser\u00e3o divulgadas mais informa\u00e7\u00f5es. Em caso de d\u00favida, envie um e-mail para: <a href=\"mailto:eventos@staging.anamt.org.br\">eventos@staging.anamt.org.br<\/a>.<\/p>\n","protected":false},"excerpt":{"rendered":"<p>Nas \u00faltimas semanas temos observado uma alta expressiva nos casos de contamina\u00e7\u00e3o pelo novo coronav\u00edrus em todo o pa\u00eds, o que obrigou diversos munic\u00edpios a adotar novas medidas de preven\u00e7\u00e3o e aumentar o isolamento social. Diante deste cen\u00e1rio,\u00a0com o objetivo de n\u00e3o expor os congressistas aos riscos inerentes \u00e0s viagens diante da situa\u00e7\u00e3o atual da [&hellip;]<\/p>\n","protected":false},"author":1,"featured_media":39531,"comment_status":"closed","ping_status":"closed","sticky":false,"template":"","format":"standard","meta":{"footnotes":""},"categories":[77],"tags":[],"_links":{"self":[{"href":"https:\/\/www.anamt.org.br\/portal\/wp-json\/wp\/v2\/posts\/41482"}],"collection":[{"href":"https:\/\/www.anamt.org.br\/portal\/wp-json\/wp\/v2\/posts"}],"about":[{"href":"https:\/\/www.anamt.org.br\/portal\/wp-json\/wp\/v2\/types\/post"}],"author":[{"embeddable":true,"href":"https:\/\/www.anamt.org.br\/portal\/wp-json\/wp\/v2\/users\/1"}],"replies":[{"embeddable":true,"href":"https:\/\/www.anamt.org.br\/portal\/wp-json\/wp\/v2\/comments?post=41482"}],"version-history":[{"count":0,"href":"https:\/\/www.anamt.org.br\/portal\/wp-json\/wp\/v2\/posts\/41482\/revisions"}],"wp:featuredmedia":[{"embeddable":true,"href":"https:\/\/www.anamt.org.br\/portal\/wp-json\/wp\/v2\/media\/39531"}],"wp:attachment":[{"href":"https:\/\/www.anamt.org.br\/portal\/wp-json\/wp\/v2\/media?parent=41482"}],"wp:term":[{"taxonomy":"category","embeddable":true,"href":"https:\/\/www.anamt.org.br\/portal\/wp-json\/wp\/v2\/categories?post=41482"},{"taxonomy":"post_tag","embeddable":true,"href":"https:\/\/www.anamt.org.br\/portal\/wp-json\/wp\/v2\/tags?post=41482"}],"curies":[{"name":"wp","href":"https:\/\/api.w.org\/{rel}","templated":true}]}}