{"id":41476,"date":"2021-01-12T12:01:23","date_gmt":"2021-01-12T15:01:23","guid":{"rendered":"https:\/\/www.anamt.org.br\/portal\/?p=41476"},"modified":"2022-09-04T17:28:55","modified_gmt":"2022-09-04T20:28:55","slug":"podcast-anamt-exposicao-ao-frio-e-seus-efeitos-no-trabalhador-2","status":"publish","type":"post","link":"https:\/\/www.anamt.org.br\/portal\/2021\/01\/12\/podcast-anamt-exposicao-ao-frio-e-seus-efeitos-no-trabalhador-2\/","title":{"rendered":"Podcast ANAMT: exposi\u00e7\u00e3o ao frio e seus efeitos no trabalhador \u2013 volume II"},"content":{"rendered":"<p>Muitas pessoas pensam que os riscos ocupacionais existem apenas em locais com potencial para acidentes, com quedas de objetos, choques, cortes e queimaduras. O que pouca gente se lembra \u00e9 que ambientes frios tamb\u00e9m possuem v\u00e1rios perigos intr\u00ednsecos \u00e0s atividades realizadas e que devem ser tratados com aten\u00e7\u00e3o especial pela equipe de Sa\u00fade e Seguran\u00e7a do Trabalho.<\/p>\n<p>No segundo epis\u00f3dio do <em>Podcast ANAMT<\/em> sobre exposi\u00e7\u00e3o ao frio e seus efeitos no trabalhador, falaremos sobre hipotermia de extremidades:<\/p>\n<div class=\"video-shortcode\"><iframe title=\"Spotify Embed: 34 - Exposi\u00e7\u00e3o ao frio e seus efeitos no trabalhador \u2013 volume II\" style=\"border-radius: 12px\" width=\"100%\" height=\"152\" frameborder=\"0\" allowfullscreen allow=\"autoplay; clipboard-write; encrypted-media; fullscreen; picture-in-picture\" loading=\"lazy\" src=\"https:\/\/open.spotify.com\/embed\/episode\/2q7KWTaKMKxSSpAFBYQhJI?si=MqR9AOOERvuoeIBvayc2CgQ&#038;utm_source=oembed\"><\/iframe><\/div>\n<p>Os epis\u00f3dios tamb\u00e9m podem ser ouvidos gratuitamente na distribuidora <em>Anchor <\/em>e em outras plataformas, sem a requisi\u00e7\u00e3o do download de aplicativo ou cria\u00e7\u00e3o de uma conta para acesso. <a href=\"https:\/\/anchor.fm\/podcast-anamt\" target=\"_blank\" rel=\"noopener\">Clique aqui para selecionar uma op\u00e7\u00e3o de sua prefer\u00eancia.<\/a><\/p>\n<p>O texto da edi\u00e7\u00e3o est\u00e1 dispon\u00edvel <a href=\"https:\/\/www.anamt.org.br\/portal\/wp-content\/uploads\/2021\/01\/PODCAST_ANAMT_12-01-2021.pdf\" target=\"_blank\" rel=\"noopener\">clicando aqui<\/a>.<\/p>\n","protected":false},"excerpt":{"rendered":"<p>Muitas pessoas pensam que os riscos ocupacionais existem apenas em locais com potencial para acidentes, com quedas de objetos, choques, cortes e queimaduras. O que pouca gente se lembra \u00e9 que ambientes frios tamb\u00e9m possuem v\u00e1rios perigos intr\u00ednsecos \u00e0s atividades realizadas e que devem ser tratados com aten\u00e7\u00e3o especial pela equipe de Sa\u00fade e Seguran\u00e7a [&hellip;]<\/p>\n","protected":false},"author":1,"featured_media":40491,"comment_status":"closed","ping_status":"closed","sticky":false,"template":"","format":"standard","meta":{"footnotes":""},"categories":[77,242],"tags":[],"_links":{"self":[{"href":"https:\/\/www.anamt.org.br\/portal\/wp-json\/wp\/v2\/posts\/41476"}],"collection":[{"href":"https:\/\/www.anamt.org.br\/portal\/wp-json\/wp\/v2\/posts"}],"about":[{"href":"https:\/\/www.anamt.org.br\/portal\/wp-json\/wp\/v2\/types\/post"}],"author":[{"embeddable":true,"href":"https:\/\/www.anamt.org.br\/portal\/wp-json\/wp\/v2\/users\/1"}],"replies":[{"embeddable":true,"href":"https:\/\/www.anamt.org.br\/portal\/wp-json\/wp\/v2\/comments?post=41476"}],"version-history":[{"count":1,"href":"https:\/\/www.anamt.org.br\/portal\/wp-json\/wp\/v2\/posts\/41476\/revisions"}],"predecessor-version":[{"id":45531,"href":"https:\/\/www.anamt.org.br\/portal\/wp-json\/wp\/v2\/posts\/41476\/revisions\/45531"}],"wp:featuredmedia":[{"embeddable":true,"href":"https:\/\/www.anamt.org.br\/portal\/wp-json\/wp\/v2\/media\/40491"}],"wp:attachment":[{"href":"https:\/\/www.anamt.org.br\/portal\/wp-json\/wp\/v2\/media?parent=41476"}],"wp:term":[{"taxonomy":"category","embeddable":true,"href":"https:\/\/www.anamt.org.br\/portal\/wp-json\/wp\/v2\/categories?post=41476"},{"taxonomy":"post_tag","embeddable":true,"href":"https:\/\/www.anamt.org.br\/portal\/wp-json\/wp\/v2\/tags?post=41476"}],"curies":[{"name":"wp","href":"https:\/\/api.w.org\/{rel}","templated":true}]}}