{"id":41422,"date":"2020-12-15T17:21:33","date_gmt":"2020-12-15T20:21:33","guid":{"rendered":"https:\/\/www.anamt.org.br\/portal\/?p=41422"},"modified":"2022-09-04T17:28:55","modified_gmt":"2022-09-04T20:28:55","slug":"podcast-anamt-aplicacoes-da-cif-sao-tema-de-um-novo-episodio","status":"publish","type":"post","link":"https:\/\/www.anamt.org.br\/portal\/2020\/12\/15\/podcast-anamt-aplicacoes-da-cif-sao-tema-de-um-novo-episodio\/","title":{"rendered":"Podcast ANAMT: aplica\u00e7\u00f5es da CIF s\u00e3o tema de um novo epis\u00f3dio"},"content":{"rendered":"<p>A Classifica\u00e7\u00e3o Internacional de Funcionalidade, Incapacidade e Sa\u00fade (CIF) oferece um sistema de classifica\u00e7\u00e3o cientificamente s\u00f3lido e consensual que cont\u00e9m m\u00faltiplas dimens\u00f5es que julgamos importantes para avaliar a funcionalidade e incapacidade em diferentes contextos e agravos.<\/p>\n<p>Ou\u00e7a agora a segunda parte de nossa s\u00e9rie de podcasts sobre o tema no <em>Spotify<\/em>:<\/p>\n<div class=\"video-shortcode\"><iframe title=\"Spotify Embed: 32 - CIF - Parte 2: Aplica\u00e7\u00f5es pr\u00e1ticas na sa\u00fade do trabalhador\" style=\"border-radius: 12px\" width=\"100%\" height=\"152\" frameborder=\"0\" allowfullscreen allow=\"autoplay; clipboard-write; encrypted-media; fullscreen; picture-in-picture\" loading=\"lazy\" src=\"https:\/\/open.spotify.com\/embed\/episode\/0DaVYGU0HDW9JaMS0HCyZp?si=oCFdj_doRSia10q9Sz18Ug&#038;utm_source=oembed\"><\/iframe><\/div>\n<p>Os epis\u00f3dios tamb\u00e9m podem ser ouvidos gratuitamente na distribuidora <em>Anchor <\/em>e em outras plataformas, sem a requisi\u00e7\u00e3o do download de aplicativo ou cria\u00e7\u00e3o de uma conta para acesso. <a href=\"https:\/\/anchor.fm\/podcast-anamt\" target=\"_blank\" rel=\"noopener\">Clique aqui para selecionar uma op\u00e7\u00e3o de sua prefer\u00eancia.<\/a><\/p>\n<p>O texto da edi\u00e7\u00e3o est\u00e1 dispon\u00edvel <a href=\"https:\/\/www.anamt.org.br\/portal\/wp-content\/uploads\/2020\/12\/PODCAST_ANAMT_CIF_15-12-2020.pdf.pdf\" target=\"_blank\" rel=\"noopener\">clicando aqui.<\/a><\/p>\n","protected":false},"excerpt":{"rendered":"<p>A Classifica\u00e7\u00e3o Internacional de Funcionalidade, Incapacidade e Sa\u00fade (CIF) oferece um sistema de classifica\u00e7\u00e3o cientificamente s\u00f3lido e consensual que cont\u00e9m m\u00faltiplas dimens\u00f5es que julgamos importantes para avaliar a funcionalidade e incapacidade em diferentes contextos e agravos. Ou\u00e7a agora a segunda parte de nossa s\u00e9rie de podcasts sobre o tema no Spotify: Os epis\u00f3dios tamb\u00e9m podem [&hellip;]<\/p>\n","protected":false},"author":1,"featured_media":40491,"comment_status":"closed","ping_status":"closed","sticky":false,"template":"","format":"standard","meta":{"footnotes":""},"categories":[77,242],"tags":[],"_links":{"self":[{"href":"https:\/\/www.anamt.org.br\/portal\/wp-json\/wp\/v2\/posts\/41422"}],"collection":[{"href":"https:\/\/www.anamt.org.br\/portal\/wp-json\/wp\/v2\/posts"}],"about":[{"href":"https:\/\/www.anamt.org.br\/portal\/wp-json\/wp\/v2\/types\/post"}],"author":[{"embeddable":true,"href":"https:\/\/www.anamt.org.br\/portal\/wp-json\/wp\/v2\/users\/1"}],"replies":[{"embeddable":true,"href":"https:\/\/www.anamt.org.br\/portal\/wp-json\/wp\/v2\/comments?post=41422"}],"version-history":[{"count":1,"href":"https:\/\/www.anamt.org.br\/portal\/wp-json\/wp\/v2\/posts\/41422\/revisions"}],"predecessor-version":[{"id":45533,"href":"https:\/\/www.anamt.org.br\/portal\/wp-json\/wp\/v2\/posts\/41422\/revisions\/45533"}],"wp:featuredmedia":[{"embeddable":true,"href":"https:\/\/www.anamt.org.br\/portal\/wp-json\/wp\/v2\/media\/40491"}],"wp:attachment":[{"href":"https:\/\/www.anamt.org.br\/portal\/wp-json\/wp\/v2\/media?parent=41422"}],"wp:term":[{"taxonomy":"category","embeddable":true,"href":"https:\/\/www.anamt.org.br\/portal\/wp-json\/wp\/v2\/categories?post=41422"},{"taxonomy":"post_tag","embeddable":true,"href":"https:\/\/www.anamt.org.br\/portal\/wp-json\/wp\/v2\/tags?post=41422"}],"curies":[{"name":"wp","href":"https:\/\/api.w.org\/{rel}","templated":true}]}}