{"id":41387,"date":"2020-12-08T07:47:10","date_gmt":"2020-12-08T10:47:10","guid":{"rendered":"https:\/\/www.anamt.org.br\/portal\/?p=41387"},"modified":"2022-09-04T17:28:55","modified_gmt":"2022-09-04T20:28:55","slug":"podcast-anamt-aspectos-gerais-e-estruturais-da-cif-sao-tema-de-episodio","status":"publish","type":"post","link":"https:\/\/www.anamt.org.br\/portal\/2020\/12\/08\/podcast-anamt-aspectos-gerais-e-estruturais-da-cif-sao-tema-de-episodio\/","title":{"rendered":"Podcast ANAMT: aspectos gerais e estruturais da CIF s\u00e3o tema de epis\u00f3dio"},"content":{"rendered":"<p>A Classifica\u00e7\u00e3o Internacional de Funcionalidade, Incapacidade e Sa\u00fade (CIF) faz parte das Classifica\u00e7\u00f5es de Refer\u00eancia da OMS, que por sua vez resultam de acordos internacionais, tem grande aceita\u00e7\u00e3o e concord\u00e2ncia oficial para uso e s\u00e3o aprovadas e recomendadas como diretrizes para relat\u00f3rios internacionais.<\/p>\n<p>O programa pode ser ouvido no <em>Spotify <\/em>aqui:<\/p>\n<div class=\"video-shortcode\"><iframe title=\"Spotify Embed: 31 - CIF - Aspectos gerais e estrutura\" style=\"border-radius: 12px\" width=\"100%\" height=\"152\" frameborder=\"0\" allowfullscreen allow=\"autoplay; clipboard-write; encrypted-media; fullscreen; picture-in-picture\" loading=\"lazy\" src=\"https:\/\/open.spotify.com\/embed\/episode\/1tfXGJVKcoOgqASU6nb1Qx?si=yVXEzPj5TVK7zM2uA6fSwg&#038;utm_source=oembed\"><\/iframe><\/div>\n<p>Os epis\u00f3dios tamb\u00e9m podem ser ouvidos gratuitamente na distribuidora <em>Anchor <\/em>e em outras plataformas, sem a requisi\u00e7\u00e3o do download de aplicativo ou cria\u00e7\u00e3o de uma conta para acesso. <a href=\"https:\/\/anchor.fm\/podcast-anamt\" target=\"_blank\" rel=\"noopener\">Clique aqui para selecionar uma op\u00e7\u00e3o de sua prefer\u00eancia.<\/a><\/p>\n<p>O texto da edi\u00e7\u00e3o est\u00e1 dispon\u00edvel <a href=\"https:\/\/www.anamt.org.br\/portal\/wp-content\/uploads\/2020\/12\/PODCAST_ANAMT_CIF_08-12-2020.pdf\" target=\"_blank\" rel=\"noopener\">clicando aqui<\/a>.<\/p>\n","protected":false},"excerpt":{"rendered":"<p>A Classifica\u00e7\u00e3o Internacional de Funcionalidade, Incapacidade e Sa\u00fade (CIF) faz parte das Classifica\u00e7\u00f5es de Refer\u00eancia da OMS, que por sua vez resultam de acordos internacionais, tem grande aceita\u00e7\u00e3o e concord\u00e2ncia oficial para uso e s\u00e3o aprovadas e recomendadas como diretrizes para relat\u00f3rios internacionais. O programa pode ser ouvido no Spotify aqui: Os epis\u00f3dios tamb\u00e9m podem [&hellip;]<\/p>\n","protected":false},"author":1,"featured_media":40491,"comment_status":"closed","ping_status":"closed","sticky":false,"template":"","format":"standard","meta":{"footnotes":""},"categories":[77,242],"tags":[],"_links":{"self":[{"href":"https:\/\/www.anamt.org.br\/portal\/wp-json\/wp\/v2\/posts\/41387"}],"collection":[{"href":"https:\/\/www.anamt.org.br\/portal\/wp-json\/wp\/v2\/posts"}],"about":[{"href":"https:\/\/www.anamt.org.br\/portal\/wp-json\/wp\/v2\/types\/post"}],"author":[{"embeddable":true,"href":"https:\/\/www.anamt.org.br\/portal\/wp-json\/wp\/v2\/users\/1"}],"replies":[{"embeddable":true,"href":"https:\/\/www.anamt.org.br\/portal\/wp-json\/wp\/v2\/comments?post=41387"}],"version-history":[{"count":1,"href":"https:\/\/www.anamt.org.br\/portal\/wp-json\/wp\/v2\/posts\/41387\/revisions"}],"predecessor-version":[{"id":45534,"href":"https:\/\/www.anamt.org.br\/portal\/wp-json\/wp\/v2\/posts\/41387\/revisions\/45534"}],"wp:featuredmedia":[{"embeddable":true,"href":"https:\/\/www.anamt.org.br\/portal\/wp-json\/wp\/v2\/media\/40491"}],"wp:attachment":[{"href":"https:\/\/www.anamt.org.br\/portal\/wp-json\/wp\/v2\/media?parent=41387"}],"wp:term":[{"taxonomy":"category","embeddable":true,"href":"https:\/\/www.anamt.org.br\/portal\/wp-json\/wp\/v2\/categories?post=41387"},{"taxonomy":"post_tag","embeddable":true,"href":"https:\/\/www.anamt.org.br\/portal\/wp-json\/wp\/v2\/tags?post=41387"}],"curies":[{"name":"wp","href":"https:\/\/api.w.org\/{rel}","templated":true}]}}