{"id":41378,"date":"2020-12-07T13:04:59","date_gmt":"2020-12-07T16:04:59","guid":{"rendered":"https:\/\/www.anamt.org.br\/portal\/?p=41378"},"modified":"2020-12-07T13:09:42","modified_gmt":"2020-12-07T16:09:42","slug":"cancer-de-pele-saiba-como-prevenir-diagnosticar-e-tratar","status":"publish","type":"post","link":"https:\/\/www.anamt.org.br\/portal\/2020\/12\/07\/cancer-de-pele-saiba-como-prevenir-diagnosticar-e-tratar\/","title":{"rendered":"Exposi\u00e7\u00e3o ao sol e c\u00e2ncer de pele: saiba como prevenir, diagnosticar e tratar"},"content":{"rendered":"<p class=\"Normal\"><span class=\"Normal__Char\">A exposi\u00e7\u00e3o excessiva ao sol e sem o uso de filtro solar s\u00e3o fatores de risco para desenvolver c\u00e2ncer de pele. Em um pa\u00eds ensolarado como o Brasil \u00e9 preciso ficar alertar para os sintomas doen\u00e7a e a import\u00e2ncia do diagn\u00f3stico precoce. Por isso, estar informado sobre a doen\u00e7a \u00e9 a melhor maneira de preveni-la, diagnostic\u00e1-la e trata-la.<\/span><span class=\"Normal__Char\">\u00a0<\/span><\/p>\n<p class=\"Normal\"><span class=\"Normal__Char\">O c\u00e2ncer de pele \u00e9 o mais frequente no Brasil e no mundo, e corresponde a 27% de todos os tumores malignos do pa\u00eds, de acordo com o Instituto Nacional do C\u00e2ncer (Inca), do Minist\u00e9rio da Sa\u00fade. Al\u00e9m da exposi\u00e7\u00e3o prolongada e repetida ao sol, principalmente na inf\u00e2ncia e adolesc\u00eancia, outros fatores de risco s\u00e3o ter pele e olhos claros, ser albino e ter vitiligo. Tamb\u00e9m est\u00e3o mais vulner\u00e1veis as pessoas com hist\u00f3rico da doen\u00e7a na fam\u00edlia e quem faz tratamento com medicamentos imunossupressores.<\/span><\/p>\n<p class=\"Normal\"><span class=\"Normal__Char\">Mais comum em pessoas com mais de 40 anos, por\u00e9m, com a constante exposi\u00e7\u00e3o de jovens aos raios solares, a m\u00e9dia de idade dos pacientes vem diminuindo. \u201cA inf\u00e2ncia \u00e9 o per\u00edodo da vida mais suscet\u00edvel aos efeitos danosos da radia\u00e7\u00e3o UV, que se manifestar\u00e3o mais tardiamente na fase adulta sob a forma de c\u00e2ncer de pele. Portanto, se levarmos em conta que a radia\u00e7\u00e3o solar tem efeito cumulativo, a preven\u00e7\u00e3o deve se iniciar com os beb\u00eas, evitando a exposi\u00e7\u00e3o ao sol nos hor\u00e1rios de risco e pelo uso de produtos espec\u00edficos para a faixa et\u00e1ria\u201d, explica Ana Cristina Pinho, diretora do INCA.<\/span><\/p>\n<p class=\"Normal\"><span class=\"Normal__Char\">O sinal de alerta deve acender quando surgem manchas na pele que co\u00e7am, ardem, descamam ou sangram e tamb\u00e9m em caso de feridas que n\u00e3o cicatrizam em quatro semanas. Esses sintomas podem ser indicativos do c\u00e2ncer de pele n\u00e3o melanoma, que ocorre principalmente nas \u00e1reas do corpo mais expostas ao sol, como rosto, pesco\u00e7o e orelhas. O tipo n\u00e3o melanoma ocorre com maior frequ\u00eancia, tem baixa mortalidade, mas pode causar deforma\u00e7\u00f5es. Ele \u00e9 respons\u00e1vel por 177 mil novos casos da doen\u00e7a por ano e apresenta alto percentual de cura se for detectado e tratado precocemente.<\/span><\/p>\n<p class=\"Normal\"><span class=\"Normal__Char\">O melanoma, forma mais grave do tumor, pode aparecer em qualquer parte do corpo, na pele ou mucosas, na forma de manchas, pintas ou sinais. Essas les\u00f5es costumam ter formato assim\u00e9trico, bordas irregulares, mais de uma cor e mudar de tamanho de forma r\u00e1pida. Apesar de mais raro, \u00e9 um tipo de c\u00e2ncer bastante agressivo, podendo levar \u00e0 morte. Anualmente, ele \u00e9 respons\u00e1vel por 8,4 mil casos novos no Brasil.<\/span><\/p>\n<h3 class=\"Normal\"><span class=\"Normal__Char\">CASOS<\/span><\/h3>\n<p class=\"Normal\"><span class=\"Normal__Char\">No Brasil, o n\u00famero de casos novos de c\u00e2ncer de pele n\u00e3o melanoma esperados, para cada ano do tri\u00eanio 2020-2022, ser\u00e1 de 83.770 em homens e de 93.170 em mulheres, correspondendo a um risco estimado de 80,12 casos novos a cada 100 mil homens e 86,66 casos novos a cada 100 mil mulheres.<\/span><\/p>\n<p class=\"Normal\"><span class=\"Normal__Char\">O c\u00e2ncer de pele n\u00e3o melanoma em homens \u00e9 mais incidente nas Regi\u00f5es Sul, Centro-Oeste e Sudeste, com um risco estimado de 123,67\/100 mil, 89,68\/100 mil e 85,55\/100 mil, respectivamente. Nas Regi\u00f5es Nordeste e Norte, ocupa a segunda posi\u00e7\u00e3o, com um risco estimado de 65,59\/100 mil e 21,28\/100 mil, respectivamente. No que diz respeito \u00e0s mulheres, o c\u00e2ncer de pele n\u00e3o melanoma \u00e9 mais incidente em todas as Regi\u00f5es brasileiras, com um risco estimado de 125,13\/100 mil (Centro-Oeste), 100,85\/100 mil (Sudeste), 98,49\/100 mil (Sul), 63,02\/100 mil (Nordeste) e 39,29\/100 mil (Norte).<\/span><\/p>\n<h3 class=\"Normal\"><span class=\"Normal__Char\">PREVEN\u00c7\u00c3O<\/span><\/h3>\n<p class=\"Normal\"><span class=\"Normal__Char\">A boa not\u00edcia \u00e9 que o c\u00e2ncer de pele \u00e9\u00a0de f\u00e1cil preven\u00e7\u00e3o pelo controle dos fatores de risco.<\/span><\/p>\n<ul>\n<li><span class=\"Normal__Char\">Evitar exposi\u00e7\u00e3o prolongada ao sol entre 10h e 16h.<\/span><\/li>\n<li><span class=\"Normal__Char\">Procurar lugares com sombra.<\/span><\/li>\n<li><span class=\"Normal__Char\">Usar prote\u00e7\u00e3o adequada, como roupas, bon\u00e9s ou chap\u00e9us de abas largas, \u00f3culos escuros com prote\u00e7\u00e3o UV, sombrinhas e barracas.<\/span><\/li>\n<li><span class=\"Normal__Char\">Aplicar na pele, antes de se expor ao sol, filtro (protetor) solar com fator de prote\u00e7\u00e3o 30, no m\u00ednimo. \u00c9 necess\u00e1rio reaplicar o filtro solar a cada duas horas, durante a exposi\u00e7\u00e3o ao sol, bem como ap\u00f3s mergulho ou grande transpira\u00e7\u00e3o. Mesmo filtros solares \u201c\u00e0 prova d\u2019\u00e1gua\u201d devem ser reaplicados.<\/span><\/li>\n<li><span class=\"Normal__Char\">Usar filtro solar pr\u00f3prio para os l\u00e1bios.<\/span><\/li>\n<li>Em dias nublados, tamb\u00e9m \u00e9 importante o uso de prote\u00e7\u00e3o.<\/li>\n<li>As tatuagens podem esconder les\u00f5es, portanto, merecem aten\u00e7\u00e3o.<\/li>\n<li><span class=\"Normal__Char\">Nas atividades ocupacionais, pode ser necess\u00e1rio reformular as jornadas de trabalho ou a organiza\u00e7\u00e3o das tarefas desenvolvidas ao longo do dia.<\/span><\/li>\n<\/ul>\n<p>&nbsp;<\/p>\n<h3 class=\"Normal\"><span class=\"Normal__Char\">DIAGN\u00d3STICO E TRATAMENTO<\/span><\/h3>\n<p class=\"Normal\"><span class=\"Normal__Char\">O paciente que encontrou um sinal suspeito de c\u00e2ncer de pele deve comparecer ao posto de sa\u00fade mais pr\u00f3xima de sua casa. Em caso de urg\u00eancia, deve procurar uma Unidade de Pronto Atendimento (UPA).\u00a0 Ap\u00f3s o atendimento e avalia\u00e7\u00e3o preliminar por um cl\u00ednico geral o paciente ser\u00e1 encaminhado a um Ambulat\u00f3rio de Especialidades.<\/span><span class=\"Normal__Char\">\u00a0<\/span><\/p>\n<p class=\"Normal\"><span class=\"Normal__Char\">O diagn\u00f3stico normalmente \u00e9 feito pelo dermatologista ou cirurgi\u00e3o, por meio de exame cl\u00ednico. Em algumas situa\u00e7\u00f5es, \u00e9 necess\u00e1rio o exame que permite visualizar algumas camadas da pele n\u00e3o vistas a olho nu. Alguns casos exigem um exame invasivo, que \u00e9 a bi\u00f3psia.<\/span><\/p>\n<p class=\"Normal\"><span class=\"Normal__Char\">A cirurgia \u00e9 o tratamento mais indicado para o c\u00e2ncer. A radioterapia e a quimioterapia tamb\u00e9m podem ser utilizadas dependendo do est\u00e1gio da doen\u00e7a. Quando h\u00e1 met\u00e1stase (o c\u00e2ncer j\u00e1 se espalhou para outros \u00f3rg\u00e3os), o melanoma \u00e9 tratado com novos medicamentos, que apresentam altas taxas de sucesso terap\u00eautico. A estrat\u00e9gia de tratamento para a doen\u00e7a avan\u00e7ada deve ter como objetivo postergar a evolu\u00e7\u00e3o, oferecendo chance de sobrevida mais longa a pacientes que anteriormente tinham um progn\u00f3stico bastante reservado.<\/span><\/p>\n<h3 class=\"Normal\"><span class=\"Normal__Char\">REDE DE ASSIST\u00caNCIA<\/span><\/h3>\n<p class=\"Normal\"><span class=\"Normal__Char\">A Pol\u00edtica Nacional de Preven\u00e7\u00e3o e Controle do C\u00e2ncer determina o cuidado integral ao usu\u00e1rio de forma regionalizada e descentralizada e estabelece que o tratamento do c\u00e2ncer ser\u00e1 feito em estabelecimentos de sa\u00fade habilitados como Unidade de Assist\u00eancia de Alta Complexidade em Oncologia (Unacon) ou Centro de Assist\u00eancia de Alta Complexidade em Oncologia (Cacon). Unacons e Cacons devem oferecer assist\u00eancia especializada e integral ao paciente com c\u00e2ncer, atuando no diagn\u00f3stico, estadiamento e tratamento. Esses estabelecimentos devem garantir a qualidade dos servi\u00e7os de assist\u00eancia oncol\u00f3gica e a seguran\u00e7a do paciente.<\/span><\/p>\n<p class=\"Normal\"><span class=\"Normal__Char\">Existem, atualmente, 317 unidades e centros de assist\u00eancia habilitados no tratamento do c\u00e2ncer. Todos os estados brasileiros t\u00eam pelo menos um hospital habilitado em oncologia, onde o paciente de c\u00e2ncer encontrar\u00e1 desde um exame at\u00e9 cirurgias mais complexas.<\/span><\/p>\n<p class=\"Normal\"><span class=\"Normal__Char\">Cabe \u00e0s secretarias estaduais e municipais de Sa\u00fade organizar o atendimento dos pacientes, definindo para que hospitais os pacientes, que precisam entrar no sistema p\u00fablico de sa\u00fade por meio da Rede de Aten\u00e7\u00e3o B\u00e1sica, dever\u00e3o ser encaminhados.<\/span><\/p>\n<h3 class=\"Normal\"><span class=\"Normal__Char\">C\u00c2NCER DE PELE<\/span><\/h3>\n<p class=\"Normal\"><span class=\"Normal__Char\">Este tipo de c\u00e2ncer \u00e9 provocado pelo crescimento anormal das c\u00e9lulas que comp\u00f5em a pele. Existem diferentes tipos que podem se manifestar de formas distintas, sendo os mais comuns denominados carcinoma basocelular e carcinoma espinocelular \u2013 chamados de c\u00e2ncer n\u00e3o melanoma. Um terceiro tipo, o melanoma, apesar de n\u00e3o ser o mais incidente, \u00e9 potencialmente letal. Quando descoberta no in\u00edcio, a doen\u00e7a tem mais de 90% de chance de cura.<\/span><\/p>\n<p class=\"Normal\"><em><span class=\"Normal__Char\">Carcinoma basocelular<\/span><\/em><span class=\"Normal__Char\"><em>\u00a0<\/em>&#8211; \u00c9 o c\u00e2ncer de pele mais frequente na popula\u00e7\u00e3o, correspondendo a cerca de 70% dos casos. Se manifestam por les\u00f5es elevadas peroladas, brilhantes ou escurecidas que crescem lentamente e sangram com facilidade.<\/span><\/p>\n<p class=\"Normal\"><em><span class=\"Normal__Char\">Carcinoma espinocelular<\/span><\/em><span class=\"Normal__Char\"><em>\u00a0<\/em>\u2013 \u00c9 o segundo tipo de c\u00e2ncer de pele de maior incid\u00eancia no ser humano. Ele equivale a mais ou menos 20% dos casos da doen\u00e7a. \u00c9 caracterizado por les\u00f5es verrucosas ou feridas que n\u00e3o cicatrizam depois de seis semanas. Geralmente causam dor e possuem sangramentos.<\/span><\/p>\n<p class=\"Normal\"><em><span class=\"Normal__Char\">C\u00e2ncer de pele melanoma<\/span><\/em><span class=\"Normal__Char\"><em>\u00a0<\/em>\u2013 Apesar de corresponder apenas cerca de 10% dos casos, \u00e9 o mais grave pois pode provocar met\u00e1stase rapidamente \u2013 espalhamento do tumor para outros \u00f3rg\u00e3os do corpo humano \u2013 e levar \u00e0 morte. \u00c9 conhecido por apresentar pintas ou manchas escuras que crescem e mudam de cor e formato r\u00e1pido. As les\u00f5es tamb\u00e9m podem vir acompanhadas de sangramento.<\/span><\/p>\n<p><em>(Fonte: Minist\u00e9rio da Sa\u00fade)<\/em><\/p>\n","protected":false},"excerpt":{"rendered":"<p>A exposi\u00e7\u00e3o excessiva ao sol e sem o uso de filtro solar s\u00e3o fatores de risco para desenvolver c\u00e2ncer de pele. Em um pa\u00eds ensolarado como o Brasil \u00e9 preciso ficar alertar para os sintomas doen\u00e7a e a import\u00e2ncia do diagn\u00f3stico precoce. Por isso, estar informado sobre a doen\u00e7a \u00e9 a melhor maneira de preveni-la, [&hellip;]<\/p>\n","protected":false},"author":1,"featured_media":37929,"comment_status":"closed","ping_status":"closed","sticky":false,"template":"","format":"standard","meta":{"footnotes":""},"categories":[80],"tags":[],"_links":{"self":[{"href":"https:\/\/www.anamt.org.br\/portal\/wp-json\/wp\/v2\/posts\/41378"}],"collection":[{"href":"https:\/\/www.anamt.org.br\/portal\/wp-json\/wp\/v2\/posts"}],"about":[{"href":"https:\/\/www.anamt.org.br\/portal\/wp-json\/wp\/v2\/types\/post"}],"author":[{"embeddable":true,"href":"https:\/\/www.anamt.org.br\/portal\/wp-json\/wp\/v2\/users\/1"}],"replies":[{"embeddable":true,"href":"https:\/\/www.anamt.org.br\/portal\/wp-json\/wp\/v2\/comments?post=41378"}],"version-history":[{"count":0,"href":"https:\/\/www.anamt.org.br\/portal\/wp-json\/wp\/v2\/posts\/41378\/revisions"}],"wp:featuredmedia":[{"embeddable":true,"href":"https:\/\/www.anamt.org.br\/portal\/wp-json\/wp\/v2\/media\/37929"}],"wp:attachment":[{"href":"https:\/\/www.anamt.org.br\/portal\/wp-json\/wp\/v2\/media?parent=41378"}],"wp:term":[{"taxonomy":"category","embeddable":true,"href":"https:\/\/www.anamt.org.br\/portal\/wp-json\/wp\/v2\/categories?post=41378"},{"taxonomy":"post_tag","embeddable":true,"href":"https:\/\/www.anamt.org.br\/portal\/wp-json\/wp\/v2\/tags?post=41378"}],"curies":[{"name":"wp","href":"https:\/\/api.w.org\/{rel}","templated":true}]}}