{"id":41290,"date":"2020-11-18T17:05:48","date_gmt":"2020-11-18T20:05:48","guid":{"rendered":"https:\/\/www.anamt.org.br\/portal\/?p=41290"},"modified":"2022-09-04T17:28:55","modified_gmt":"2022-09-04T20:28:55","slug":"podcast-anamt-episodio-aborda-a-asma-relacionada-ao-trabalho","status":"publish","type":"post","link":"https:\/\/www.anamt.org.br\/portal\/2020\/11\/18\/podcast-anamt-episodio-aborda-a-asma-relacionada-ao-trabalho\/","title":{"rendered":"Podcast ANAMT: epis\u00f3dio aborda a asma relacionada ao trabalho"},"content":{"rendered":"<p>A asma relacionada ao trabalho \u00e9 uma das principais doen\u00e7as respirat\u00f3rias ocupacionais em termos de preval\u00eancia. In\u00fameras subst\u00e2ncias qu\u00edmicas utilizadas nas mais diversas atividades produtivas podem desencadear ou agravar essa doen\u00e7a. A asma ocupacional \u00e9 o tema do <em>Podcast ANAMT<\/em> desta semana.<\/p>\n<p>O programa pode ser ouvido no <em>Spotify <\/em>aqui:<\/p>\n<div class=\"video-shortcode\"><iframe title=\"Spotify Embed: 30 - Asma relacionada ao trabalho\" style=\"border-radius: 12px\" width=\"100%\" height=\"152\" frameborder=\"0\" allowfullscreen allow=\"autoplay; clipboard-write; encrypted-media; fullscreen; picture-in-picture\" loading=\"lazy\" src=\"https:\/\/open.spotify.com\/embed\/episode\/0nakQj7mm3EIaig4eM6OMk?si=ex0CM6sfRsml91pai5Fjig&#038;utm_source=oembed\"><\/iframe><\/div>\n<p>Os epis\u00f3dios tamb\u00e9m podem ser ouvidos gratuitamente na distribuidora <em>Anchor <\/em>e em outras plataformas, sem a requisi\u00e7\u00e3o do download de aplicativo ou cria\u00e7\u00e3o de uma conta para acesso. <a href=\"https:\/\/anchor.fm\/podcast-anamt\/episodes\/Asma-relacionada-ao-trabalho-eml6ko\" target=\"_blank\" rel=\"noopener\">Clique aqui para selecionar uma op\u00e7\u00e3o de sua prefer\u00eancia.<\/a><\/p>\n<p>O texto da edi\u00e7\u00e3o est\u00e1 dispon\u00edvel <a href=\"https:\/\/www.anamt.org.br\/portal\/wp-content\/uploads\/2020\/11\/ASMA-OOCUPACIONAL.pdf\" target=\"_blank\" rel=\"noopener\">clicando aqui<\/a>.<\/p>\n","protected":false},"excerpt":{"rendered":"<p>A asma relacionada ao trabalho \u00e9 uma das principais doen\u00e7as respirat\u00f3rias ocupacionais em termos de preval\u00eancia. In\u00fameras subst\u00e2ncias qu\u00edmicas utilizadas nas mais diversas atividades produtivas podem desencadear ou agravar essa doen\u00e7a. A asma ocupacional \u00e9 o tema do Podcast ANAMT desta semana. O programa pode ser ouvido no Spotify aqui: Os epis\u00f3dios tamb\u00e9m podem ser [&hellip;]<\/p>\n","protected":false},"author":1,"featured_media":40491,"comment_status":"closed","ping_status":"closed","sticky":false,"template":"","format":"standard","meta":{"footnotes":""},"categories":[77,242],"tags":[],"_links":{"self":[{"href":"https:\/\/www.anamt.org.br\/portal\/wp-json\/wp\/v2\/posts\/41290"}],"collection":[{"href":"https:\/\/www.anamt.org.br\/portal\/wp-json\/wp\/v2\/posts"}],"about":[{"href":"https:\/\/www.anamt.org.br\/portal\/wp-json\/wp\/v2\/types\/post"}],"author":[{"embeddable":true,"href":"https:\/\/www.anamt.org.br\/portal\/wp-json\/wp\/v2\/users\/1"}],"replies":[{"embeddable":true,"href":"https:\/\/www.anamt.org.br\/portal\/wp-json\/wp\/v2\/comments?post=41290"}],"version-history":[{"count":1,"href":"https:\/\/www.anamt.org.br\/portal\/wp-json\/wp\/v2\/posts\/41290\/revisions"}],"predecessor-version":[{"id":45535,"href":"https:\/\/www.anamt.org.br\/portal\/wp-json\/wp\/v2\/posts\/41290\/revisions\/45535"}],"wp:featuredmedia":[{"embeddable":true,"href":"https:\/\/www.anamt.org.br\/portal\/wp-json\/wp\/v2\/media\/40491"}],"wp:attachment":[{"href":"https:\/\/www.anamt.org.br\/portal\/wp-json\/wp\/v2\/media?parent=41290"}],"wp:term":[{"taxonomy":"category","embeddable":true,"href":"https:\/\/www.anamt.org.br\/portal\/wp-json\/wp\/v2\/categories?post=41290"},{"taxonomy":"post_tag","embeddable":true,"href":"https:\/\/www.anamt.org.br\/portal\/wp-json\/wp\/v2\/tags?post=41290"}],"curies":[{"name":"wp","href":"https:\/\/api.w.org\/{rel}","templated":true}]}}