{"id":41231,"date":"2020-11-04T16:45:36","date_gmt":"2020-11-04T19:45:36","guid":{"rendered":"https:\/\/www.anamt.org.br\/portal\/?p=41231"},"modified":"2022-09-04T17:28:55","modified_gmt":"2022-09-04T20:28:55","slug":"podcast-anamt-instrumentos-psicometricos-para-avaliacao-de-trabalhadores","status":"publish","type":"post","link":"https:\/\/www.anamt.org.br\/portal\/2020\/11\/04\/podcast-anamt-instrumentos-psicometricos-para-avaliacao-de-trabalhadores\/","title":{"rendered":"Podcast ANAMT: instrumentos psicom\u00e9tricos para avalia\u00e7\u00e3o de trabalhadores"},"content":{"rendered":"<p>Para realizar uma boa gest\u00e3o de sa\u00fade do trabalhador o m\u00e9dico do trabalho deve ser capaz de transitar em todas as dimens\u00f5es da sa\u00fade humana. Esse olhar hol\u00edstico perpassa pela aten\u00e7\u00e3o nas esferas biopsicossociais. Nessa edi\u00e7\u00e3o do\u00a0<em>Podcast ANAMT,<\/em> faremos uma reflex\u00e3o de como os m\u00e9dicos do trabalho podem utilizar ferramentas para auxili\u00e1-lo na avalia\u00e7\u00e3o da esfera ps\u00edquica ou sa\u00fade mental.<\/p>\n<p>O programa pode ser ouvido no <em>Spotify <\/em>aqui:<\/p>\n<div class=\"video-shortcode\"><iframe title=\"Spotify Embed: 29 - Utiliza\u00e7\u00e3o de instrumentos psicom\u00e9tricos para avalia\u00e7\u00e3o de trabalhadores\" style=\"border-radius: 12px\" width=\"100%\" height=\"152\" frameborder=\"0\" allowfullscreen allow=\"autoplay; clipboard-write; encrypted-media; fullscreen; picture-in-picture\" loading=\"lazy\" src=\"https:\/\/open.spotify.com\/embed\/episode\/04RjmWsAmtSEYmunga17yL?utm_source=oembed\"><\/iframe><\/div>\n<p>Os epis\u00f3dios tamb\u00e9m podem ser ouvidos gratuitamente na distribuidora <em>Anchor <\/em>e em outras plataformas, sem a requisi\u00e7\u00e3o do download de aplicativo ou cria\u00e7\u00e3o de uma conta para acesso. <a href=\"https:\/\/anchor.fm\/podcast-anamt\/episodes\/Utilizao-de-instrumentos-psicomtricos-para-avaliao-de-trabalhadores-em16uo\" target=\"_blank\" rel=\"noopener\">Clique aqui para selecionar uma op\u00e7\u00e3o de sua prefer\u00eancia.<\/a><\/p>\n<p>O texto da edi\u00e7\u00e3o est\u00e1 dispon\u00edvel <a href=\"https:\/\/www.anamt.org.br\/portal\/wp-content\/uploads\/2020\/11\/PODCAST-Instrumento.pdf\" target=\"_blank\" rel=\"noopener\">clicando aqui.<\/a><\/p>\n","protected":false},"excerpt":{"rendered":"<p>Para realizar uma boa gest\u00e3o de sa\u00fade do trabalhador o m\u00e9dico do trabalho deve ser capaz de transitar em todas as dimens\u00f5es da sa\u00fade humana. Esse olhar hol\u00edstico perpassa pela aten\u00e7\u00e3o nas esferas biopsicossociais. Nessa edi\u00e7\u00e3o do\u00a0Podcast ANAMT, faremos uma reflex\u00e3o de como os m\u00e9dicos do trabalho podem utilizar ferramentas para auxili\u00e1-lo na avalia\u00e7\u00e3o da [&hellip;]<\/p>\n","protected":false},"author":1,"featured_media":40491,"comment_status":"closed","ping_status":"closed","sticky":false,"template":"","format":"standard","meta":{"footnotes":""},"categories":[77,242],"tags":[],"_links":{"self":[{"href":"https:\/\/www.anamt.org.br\/portal\/wp-json\/wp\/v2\/posts\/41231"}],"collection":[{"href":"https:\/\/www.anamt.org.br\/portal\/wp-json\/wp\/v2\/posts"}],"about":[{"href":"https:\/\/www.anamt.org.br\/portal\/wp-json\/wp\/v2\/types\/post"}],"author":[{"embeddable":true,"href":"https:\/\/www.anamt.org.br\/portal\/wp-json\/wp\/v2\/users\/1"}],"replies":[{"embeddable":true,"href":"https:\/\/www.anamt.org.br\/portal\/wp-json\/wp\/v2\/comments?post=41231"}],"version-history":[{"count":1,"href":"https:\/\/www.anamt.org.br\/portal\/wp-json\/wp\/v2\/posts\/41231\/revisions"}],"predecessor-version":[{"id":45536,"href":"https:\/\/www.anamt.org.br\/portal\/wp-json\/wp\/v2\/posts\/41231\/revisions\/45536"}],"wp:featuredmedia":[{"embeddable":true,"href":"https:\/\/www.anamt.org.br\/portal\/wp-json\/wp\/v2\/media\/40491"}],"wp:attachment":[{"href":"https:\/\/www.anamt.org.br\/portal\/wp-json\/wp\/v2\/media?parent=41231"}],"wp:term":[{"taxonomy":"category","embeddable":true,"href":"https:\/\/www.anamt.org.br\/portal\/wp-json\/wp\/v2\/categories?post=41231"},{"taxonomy":"post_tag","embeddable":true,"href":"https:\/\/www.anamt.org.br\/portal\/wp-json\/wp\/v2\/tags?post=41231"}],"curies":[{"name":"wp","href":"https:\/\/api.w.org\/{rel}","templated":true}]}}