{"id":41172,"date":"2020-10-15T13:37:31","date_gmt":"2020-10-15T16:37:31","guid":{"rendered":"https:\/\/www.anamt.org.br\/portal\/?p=41172"},"modified":"2022-09-04T17:28:55","modified_gmt":"2022-09-04T20:28:55","slug":"podcast-anamt-exposicao-a-vibracao-e-o-tema-de-novo-episodio","status":"publish","type":"post","link":"https:\/\/www.anamt.org.br\/portal\/2020\/10\/15\/podcast-anamt-exposicao-a-vibracao-e-o-tema-de-novo-episodio\/","title":{"rendered":"Podcast ANAMT: &#8220;Exposi\u00e7\u00e3o \u00e0 vibra\u00e7\u00e3o&#8221; \u00e9 o tema de novo epis\u00f3dio"},"content":{"rendered":"<p>A exposi\u00e7\u00e3o ocupacional continuada \u00e0s vibra\u00e7\u00f5es pode causar s\u00e9rios preju\u00edzos \u00e0 sa\u00fade do trabalhador, como doen\u00e7as vasculares, neurol\u00f3gicas e musculares, se n\u00e3o houver controle dos riscos e prote\u00e7\u00e3o adequada. Nesta edi\u00e7\u00e3o do <em>Podcast da ANAMT<\/em> abordaremos os efeitos da vibra\u00e7\u00e3o no organismo humano e suas consequ\u00eancias no contexto da Medicina do Trabalho.<\/p>\n<p>O programa pode ser ouvido no <em>Spotify, <\/em><a href=\"https:\/\/open.spotify.com\/show\/7zOOeuVttuNSDsGYP8R1gS\" target=\"_blank\" rel=\"noopener\">clicando aqui<\/a> ou no <em>player<\/em> abaixo:<\/p>\n<div class=\"video-shortcode\"><iframe title=\"Spotify Embed: 27 - Exposi\u00e7\u00e3o \u00e0 vibra\u00e7\u00e3o\" style=\"border-radius: 12px\" width=\"100%\" height=\"152\" frameborder=\"0\" allowfullscreen allow=\"autoplay; clipboard-write; encrypted-media; fullscreen; picture-in-picture\" loading=\"lazy\" src=\"https:\/\/open.spotify.com\/embed\/episode\/5YNJmMUFLGa2eP8mFo8wKz?utm_source=oembed\"><\/iframe><\/div>\n<p>Os epis\u00f3dios tamb\u00e9m podem ser ouvidos gratuitamente na distribuidora <em>Anchor <\/em>e em outras plataformas, sem a requisi\u00e7\u00e3o do download de aplicativo ou cria\u00e7\u00e3o de uma conta para acesso. <a href=\"https:\/\/anchor.fm\/podcast-anamt\/episodes\/Exposio--vibrao-el3urj\">Clique aqui para selecionar uma op\u00e7\u00e3o de sua prefer\u00eancia.<\/a><\/p>\n<p>O texto da edi\u00e7\u00e3o est\u00e1 dispon\u00edvel <a href=\"https:\/\/www.anamt.org.br\/portal\/wp-content\/uploads\/2020\/10\/Podcast-Vibra\u00e7\u00e3o.pdf\" target=\"_blank\" rel=\"noopener\">clicando aqui.<\/a><\/p>\n","protected":false},"excerpt":{"rendered":"<p>A exposi\u00e7\u00e3o ocupacional continuada \u00e0s vibra\u00e7\u00f5es pode causar s\u00e9rios preju\u00edzos \u00e0 sa\u00fade do trabalhador, como doen\u00e7as vasculares, neurol\u00f3gicas e musculares, se n\u00e3o houver controle dos riscos e prote\u00e7\u00e3o adequada. Nesta edi\u00e7\u00e3o do Podcast da ANAMT abordaremos os efeitos da vibra\u00e7\u00e3o no organismo humano e suas consequ\u00eancias no contexto da Medicina do Trabalho. O programa pode [&hellip;]<\/p>\n","protected":false},"author":1,"featured_media":40491,"comment_status":"closed","ping_status":"closed","sticky":false,"template":"","format":"standard","meta":{"footnotes":""},"categories":[77,242],"tags":[],"_links":{"self":[{"href":"https:\/\/www.anamt.org.br\/portal\/wp-json\/wp\/v2\/posts\/41172"}],"collection":[{"href":"https:\/\/www.anamt.org.br\/portal\/wp-json\/wp\/v2\/posts"}],"about":[{"href":"https:\/\/www.anamt.org.br\/portal\/wp-json\/wp\/v2\/types\/post"}],"author":[{"embeddable":true,"href":"https:\/\/www.anamt.org.br\/portal\/wp-json\/wp\/v2\/users\/1"}],"replies":[{"embeddable":true,"href":"https:\/\/www.anamt.org.br\/portal\/wp-json\/wp\/v2\/comments?post=41172"}],"version-history":[{"count":1,"href":"https:\/\/www.anamt.org.br\/portal\/wp-json\/wp\/v2\/posts\/41172\/revisions"}],"predecessor-version":[{"id":45538,"href":"https:\/\/www.anamt.org.br\/portal\/wp-json\/wp\/v2\/posts\/41172\/revisions\/45538"}],"wp:featuredmedia":[{"embeddable":true,"href":"https:\/\/www.anamt.org.br\/portal\/wp-json\/wp\/v2\/media\/40491"}],"wp:attachment":[{"href":"https:\/\/www.anamt.org.br\/portal\/wp-json\/wp\/v2\/media?parent=41172"}],"wp:term":[{"taxonomy":"category","embeddable":true,"href":"https:\/\/www.anamt.org.br\/portal\/wp-json\/wp\/v2\/categories?post=41172"},{"taxonomy":"post_tag","embeddable":true,"href":"https:\/\/www.anamt.org.br\/portal\/wp-json\/wp\/v2\/tags?post=41172"}],"curies":[{"name":"wp","href":"https:\/\/api.w.org\/{rel}","templated":true}]}}