{"id":41112,"date":"2020-10-06T10:56:17","date_gmt":"2020-10-06T13:56:17","guid":{"rendered":"https:\/\/www.anamt.org.br\/portal\/?p=41112"},"modified":"2020-10-06T10:57:40","modified_gmt":"2020-10-06T13:57:40","slug":"guia-para-o-enfrentamento-da-pandemia-pelos-supermercados-e-lancado-pela-fundacentro","status":"publish","type":"post","link":"https:\/\/www.anamt.org.br\/portal\/2020\/10\/06\/guia-para-o-enfrentamento-da-pandemia-pelos-supermercados-e-lancado-pela-fundacentro\/","title":{"rendered":"Fundacentro: guia para o enfrentamento da pandemia pelos supermercados"},"content":{"rendered":"<p>Caracter\u00edsticas gerais sobre a doen\u00e7a causada pelo novo coronav\u00edrus, formas de preven\u00e7\u00e3o e recomenda\u00e7\u00f5es. Esses s\u00e3o os temas abordados pelo guia \u201c<a href=\"http:\/\/arquivosbiblioteca.fundacentro.gov.br\/exlibris\/aleph\/u23_1\/bd\/Guia%20Supermercados_final.pdf\" target=\"_blank\" rel=\"noreferrer noopener\">Preven\u00e7\u00e3o \u00e0 Covid-19 \u2013 Orienta\u00e7\u00f5es aos empregadores e trabalhadores de supermercados<\/a>\u201d, publica\u00e7\u00e3o lan\u00e7ada pela Fundacentro.<\/p>\n<p>Em meio a pandemia, a Fundacentro lan\u00e7a este guia de orienta\u00e7\u00f5es que complementa as recomenda\u00e7\u00f5es do Minist\u00e9rio da Sa\u00fade. Nele, empregadores e trabalhadores t\u00eam acesso a informa\u00e7\u00f5es sobre as pr\u00e1ticas seguras de trabalho e o uso de equipamentos de prote\u00e7\u00e3o individual (EPI).<\/p>\n<p>Entre as medidas que devem ser adotadas pelos supermercados, com o objetivo de reduzir o risco de cont\u00e1gio, indicam-se o uso de m\u00e1scara, compat\u00edvel com cada ramo de atividade; a instala\u00e7\u00e3o de barreiras f\u00edsicas, de vidro ou acr\u00edlico; a restri\u00e7\u00e3o do n\u00famero de pessoas por metro quadrado, sejam trabalhadores ou clientes; e a desinfec\u00e7\u00e3o dos ambientes e superf\u00edcies.<\/p>\n<p>Os trabalhadores, em especial funcion\u00e1rios da cozinha e padeiros, n\u00e3o devem utilizar \u00e1lcool l\u00edquido ou gel quando estiverem pr\u00f3ximos ao fogo, para evitar o risco de queimaduras. Tamb\u00e9m deve-se manter as embalagens de \u00e1lcool longe de fontes de calor, devido ao risco de inc\u00eandio e explos\u00e3o, mesmo com o produto em forma de gel.<\/p>\n<p>Outro ponto que merece destaque \u00e9 a recomenda\u00e7\u00e3o de triagem dos trabalhadores no in\u00edcio de cada turno, a fim de identificar aqueles com sintomas compat\u00edveis com a Covid-19. Caso algum trabalhador apresente temperatura igual ou superior a 37.8\u00b0C ou qualquer um dos sintomas da doen\u00e7a (tosse, dor de cabe\u00e7a, falta olfato, entre outros), \u00e9 necess\u00e1rio dispensar o trabalhador de suas atividades para que o mesmo monitore seus sintomas em casa.<\/p>\n<p>A obra foi elaborada pelo pesquisador Jos\u00e9 Mar\u00e7al Jackson e as tecnologistas Val\u00e9ria Ramos Soares Pinto, Maria de F\u00e1tima Viegas, Soraya Wingester Vasconcelos, sob a coordena\u00e7\u00e3o da tecnologista Juliana Andrade Oliveira e organiza\u00e7\u00e3o da diretora de Pesquisa Aplicada Erika Benevides.<\/p>\n<p>O guia integra a s\u00e9rie \u201cPreven\u00e7\u00e3o \u00e0 Covid-19\u201d, que cont\u00e9m materiais destinados \u00e0 preserva\u00e7\u00e3o da sa\u00fade dos trabalhadores e da popula\u00e7\u00e3o como um todo. Confira, a seguir, as demais publica\u00e7\u00f5es produzidas pela Fundacentro: \u201c<a href=\"http:\/\/arquivosbiblioteca.fundacentro.gov.br\/exlibris\/aleph\/u23_1\/bd\/PUB_Guia_Industria_Essencial-final.pdf\" target=\"_blank\" rel=\"noreferrer noopener\">Preven\u00e7\u00e3o \u00e0 Covid-19: Orienta\u00e7\u00e3o aos trabalhadores em ind\u00fastrias de setores essenciais: aliment\u00edcia, farmac\u00eautica e de equipamentos hospitalares<\/a>\u201d, \u201c<a href=\"http:\/\/www.gov.br\/fundacentro\/pt-br\/biblioteca\/biblioteca-digital\/publicacao\/detalhe\/2020\/4\/prevencao-a-covid-19-protecao-respiratoria-orientacoes-de-uso-frente-a-covid-19\">Preven\u00e7\u00e3o \u00e0 Covid-19 \u2013 Prote\u00e7\u00e3o respirat\u00f3ria: orienta\u00e7\u00f5es de uso frente \u00e0 Covid-19<\/a>\u201d e \u201c<a href=\"http:\/\/arquivosbiblioteca.fundacentro.gov.br\/exlibris\/aleph\/u23_1\/bd\/Cartilha%20Recomendacoes%20Gerais%20FLV%20_SNR.pdf\" target=\"_blank\" rel=\"noreferrer noopener\">Preven\u00e7\u00e3o \u00e0 Covid-19: Orienta\u00e7\u00f5es para preven\u00e7\u00e3o e controle da Covid-19 nos locais de trabalho<\/a>\u201d.<\/p>\n<p>Leia, na \u00edntegra, o guia \u201cPreven\u00e7\u00e3o \u00e0 Covid-19 \u2013 Orienta\u00e7\u00f5es aos empregadores e trabalhadores de supermercados\u201d acessando o\u00a0<a href=\"http:\/\/arquivosbiblioteca.fundacentro.gov.br\/exlibris\/aleph\/u23_1\/bd\/Guia%20Supermercados_final.pdf\" target=\"_blank\" rel=\"noreferrer noopener\">link<\/a>.<\/p>\n<p><em>(Fonte: Fundacentro)<\/em><\/p>\n","protected":false},"excerpt":{"rendered":"<p>Caracter\u00edsticas gerais sobre a doen\u00e7a causada pelo novo coronav\u00edrus, formas de preven\u00e7\u00e3o e recomenda\u00e7\u00f5es. Esses s\u00e3o os temas abordados pelo guia \u201cPreven\u00e7\u00e3o \u00e0 Covid-19 \u2013 Orienta\u00e7\u00f5es aos empregadores e trabalhadores de supermercados\u201d, publica\u00e7\u00e3o lan\u00e7ada pela Fundacentro. Em meio a pandemia, a Fundacentro lan\u00e7a este guia de orienta\u00e7\u00f5es que complementa as recomenda\u00e7\u00f5es do Minist\u00e9rio da Sa\u00fade. [&hellip;]<\/p>\n","protected":false},"author":1,"featured_media":30207,"comment_status":"closed","ping_status":"closed","sticky":false,"template":"","format":"standard","meta":{"footnotes":""},"categories":[80],"tags":[],"_links":{"self":[{"href":"https:\/\/www.anamt.org.br\/portal\/wp-json\/wp\/v2\/posts\/41112"}],"collection":[{"href":"https:\/\/www.anamt.org.br\/portal\/wp-json\/wp\/v2\/posts"}],"about":[{"href":"https:\/\/www.anamt.org.br\/portal\/wp-json\/wp\/v2\/types\/post"}],"author":[{"embeddable":true,"href":"https:\/\/www.anamt.org.br\/portal\/wp-json\/wp\/v2\/users\/1"}],"replies":[{"embeddable":true,"href":"https:\/\/www.anamt.org.br\/portal\/wp-json\/wp\/v2\/comments?post=41112"}],"version-history":[{"count":0,"href":"https:\/\/www.anamt.org.br\/portal\/wp-json\/wp\/v2\/posts\/41112\/revisions"}],"wp:featuredmedia":[{"embeddable":true,"href":"https:\/\/www.anamt.org.br\/portal\/wp-json\/wp\/v2\/media\/30207"}],"wp:attachment":[{"href":"https:\/\/www.anamt.org.br\/portal\/wp-json\/wp\/v2\/media?parent=41112"}],"wp:term":[{"taxonomy":"category","embeddable":true,"href":"https:\/\/www.anamt.org.br\/portal\/wp-json\/wp\/v2\/categories?post=41112"},{"taxonomy":"post_tag","embeddable":true,"href":"https:\/\/www.anamt.org.br\/portal\/wp-json\/wp\/v2\/tags?post=41112"}],"curies":[{"name":"wp","href":"https:\/\/api.w.org\/{rel}","templated":true}]}}