{"id":41084,"date":"2020-10-01T08:41:08","date_gmt":"2020-10-01T11:41:08","guid":{"rendered":"https:\/\/www.anamt.org.br\/portal\/?p=41084"},"modified":"2020-10-01T08:41:08","modified_gmt":"2020-10-01T11:41:08","slug":"outubro-rosa-2020","status":"publish","type":"post","link":"https:\/\/www.anamt.org.br\/portal\/2020\/10\/01\/outubro-rosa-2020\/","title":{"rendered":"Outubro Rosa: preven\u00e7\u00e3o e combate ao c\u00e2ncer de mama marcam calend\u00e1rio"},"content":{"rendered":"<p>O m\u00eas de outubro \u00e9 dedicado ao combate e \u00e0 preven\u00e7\u00e3o do c\u00e2ncer de mama. O tradicional Outubro Rosa pretende conscientizar as mulheres sobre a import\u00e2ncia de evitar a doen\u00e7a. O c\u00e2ncer de mama \u00e9 o segundo tipo mais frequente no mundo.<\/p>\n<p>De acordo com o Instituto Nacional do C\u00e2ncer (Inca), o c\u00e2ncer de mama \u00e9 o mais incidente na popula\u00e7\u00e3o feminina mundial e brasileira, excetuando-se os casos de c\u00e2ncer de pele n\u00e3o melanoma. No Brasil, as taxas de mortalidade por esse tipo de c\u00e2ncer continuam elevadas, especialmente porque a doen\u00e7a ainda \u00e9 diagnosticada em est\u00e1gios avan\u00e7ados. Por isso, o autoexame das mamas e a\u00a0mamografia\u00a0s\u00e3o essenciais.<\/p>\n<p>Com o objetivo de falar da import\u00e2ncia do diagn\u00f3stico precoce e desmitificar preconceitos, a ANAMT refor\u00e7a seu apoio ao combate \u00e0 doen\u00e7a e aproveita o momento de grande divulga\u00e7\u00e3o para incentivar os m\u00e9dicos do trabalho a participarem dessa luta. Durante o acompanhamento m\u00e9dico, \u00e9 importante refor\u00e7ar \u00e0s trabalhadoras sobre a import\u00e2ncia do diagn\u00f3stico precoce como a melhor forma de combater a doen\u00e7a.<\/p>\n","protected":false},"excerpt":{"rendered":"<p>O m\u00eas de outubro \u00e9 dedicado ao combate e \u00e0 preven\u00e7\u00e3o do c\u00e2ncer de mama. O tradicional Outubro Rosa pretende conscientizar as mulheres sobre a import\u00e2ncia de evitar a doen\u00e7a. O c\u00e2ncer de mama \u00e9 o segundo tipo mais frequente no mundo. De acordo com o Instituto Nacional do C\u00e2ncer (Inca), o c\u00e2ncer de mama [&hellip;]<\/p>\n","protected":false},"author":1,"featured_media":31652,"comment_status":"closed","ping_status":"closed","sticky":false,"template":"","format":"standard","meta":{"footnotes":""},"categories":[80],"tags":[],"_links":{"self":[{"href":"https:\/\/www.anamt.org.br\/portal\/wp-json\/wp\/v2\/posts\/41084"}],"collection":[{"href":"https:\/\/www.anamt.org.br\/portal\/wp-json\/wp\/v2\/posts"}],"about":[{"href":"https:\/\/www.anamt.org.br\/portal\/wp-json\/wp\/v2\/types\/post"}],"author":[{"embeddable":true,"href":"https:\/\/www.anamt.org.br\/portal\/wp-json\/wp\/v2\/users\/1"}],"replies":[{"embeddable":true,"href":"https:\/\/www.anamt.org.br\/portal\/wp-json\/wp\/v2\/comments?post=41084"}],"version-history":[{"count":0,"href":"https:\/\/www.anamt.org.br\/portal\/wp-json\/wp\/v2\/posts\/41084\/revisions"}],"wp:featuredmedia":[{"embeddable":true,"href":"https:\/\/www.anamt.org.br\/portal\/wp-json\/wp\/v2\/media\/31652"}],"wp:attachment":[{"href":"https:\/\/www.anamt.org.br\/portal\/wp-json\/wp\/v2\/media?parent=41084"}],"wp:term":[{"taxonomy":"category","embeddable":true,"href":"https:\/\/www.anamt.org.br\/portal\/wp-json\/wp\/v2\/categories?post=41084"},{"taxonomy":"post_tag","embeddable":true,"href":"https:\/\/www.anamt.org.br\/portal\/wp-json\/wp\/v2\/tags?post=41084"}],"curies":[{"name":"wp","href":"https:\/\/api.w.org\/{rel}","templated":true}]}}