{"id":41049,"date":"2020-09-21T10:54:22","date_gmt":"2020-09-21T13:54:22","guid":{"rendered":"https:\/\/www.anamt.org.br\/portal\/?p=41049"},"modified":"2020-09-21T10:57:02","modified_gmt":"2020-09-21T13:57:02","slug":"21-de-setembro-dia-nacional-de-luta-das-pessoas-com-deficiencia-2020","status":"publish","type":"post","link":"https:\/\/www.anamt.org.br\/portal\/2020\/09\/21\/21-de-setembro-dia-nacional-de-luta-das-pessoas-com-deficiencia-2020\/","title":{"rendered":"21 de setembro: Dia Nacional de Luta das Pessoas com Defici\u00eancia"},"content":{"rendered":"<p>Nesta segunda (21), comemora-se o Dia Nacional de Luta das Pessoas com Defici\u00eancia. A iniciativa tem como objetivo gerar visibilidade \u00e0 causa e promover a\u00e7\u00f5es em prol das pessoas com defici\u00eancia. A inclus\u00e3o das pessoas com defici\u00eancia \u00e9 um processo que se inicia na fam\u00edlia, passa pelas escolas e continua no trabalho.<\/p>\n<p>Contudo, para que esta inclus\u00e3o ocorra \u00e9 necess\u00e1rio criar condi\u00e7\u00f5es e dar suporte \u00e0 pessoa com defici\u00eancia e o m\u00e9dico do trabalho tem um papel fundamental para quebrar essas barreiras.<\/p>\n<p>O Dia Nacional foi institu\u00eddo por iniciativa de movimentos sociais, em 1982, e oficializado pela <a class=\"external-link\" title=\"\" href=\"http:\/\/www.planalto.gov.br\/ccivil_03\/_Ato2004-2006\/2005\/Lei\/L11133.htm\" target=\"_self\">Lei N\u00ba 11.133, de 14 de julho de 2005<\/a>. A data foi escolhida para coincidir com o Dia da \u00c1rvore, representando o nascimento das reivindica\u00e7\u00f5es de cidadania e participa\u00e7\u00e3o em igualdade de condi\u00e7\u00f5es.<\/p>\n<p>Em 2008, o Brasil ratificou a Conven\u00e7\u00e3o sobre os Direitos das Pessoas com Defici\u00eancia, adotada pela Organiza\u00e7\u00e3o das Na\u00e7\u00f5es Unidas (ONU) e o Protocolo Facultativo, e o documento obteve aqui equival\u00eancia de emenda constitucional. Da conven\u00e7\u00e3o, surgiu a <a class=\"external-link\" title=\"\" href=\"http:\/\/www.planalto.gov.br\/ccivil_03\/_Ato2015-2018\/2015\/Lei\/L13146.htm\" target=\"_self\">Lei Brasileira de Inclus\u00e3o (LBI)<\/a>, que trata os objetivos de forma mais concreta e entrou em vigor em janeiro deste ano.<\/p>\n<p>Existem 1 bilh\u00e3o de pessoas com defici\u00eancia no mundo, o equivalente a 15% da popula\u00e7\u00e3o global. Cerca de 80% delas est\u00e3o em idade de trabalho. No Brasil, de acordo com o IBGE (2015), 6,2% da popula\u00e7\u00e3o tem algum tipo de defici\u00eancia.<\/p>\n","protected":false},"excerpt":{"rendered":"<p>Nesta segunda (21), comemora-se o Dia Nacional de Luta das Pessoas com Defici\u00eancia. A iniciativa tem como objetivo gerar visibilidade \u00e0 causa e promover a\u00e7\u00f5es em prol das pessoas com defici\u00eancia. A inclus\u00e3o das pessoas com defici\u00eancia \u00e9 um processo que se inicia na fam\u00edlia, passa pelas escolas e continua no trabalho. Contudo, para que [&hellip;]<\/p>\n","protected":false},"author":1,"featured_media":31574,"comment_status":"closed","ping_status":"closed","sticky":false,"template":"","format":"standard","meta":{"footnotes":""},"categories":[80],"tags":[],"_links":{"self":[{"href":"https:\/\/www.anamt.org.br\/portal\/wp-json\/wp\/v2\/posts\/41049"}],"collection":[{"href":"https:\/\/www.anamt.org.br\/portal\/wp-json\/wp\/v2\/posts"}],"about":[{"href":"https:\/\/www.anamt.org.br\/portal\/wp-json\/wp\/v2\/types\/post"}],"author":[{"embeddable":true,"href":"https:\/\/www.anamt.org.br\/portal\/wp-json\/wp\/v2\/users\/1"}],"replies":[{"embeddable":true,"href":"https:\/\/www.anamt.org.br\/portal\/wp-json\/wp\/v2\/comments?post=41049"}],"version-history":[{"count":0,"href":"https:\/\/www.anamt.org.br\/portal\/wp-json\/wp\/v2\/posts\/41049\/revisions"}],"wp:featuredmedia":[{"embeddable":true,"href":"https:\/\/www.anamt.org.br\/portal\/wp-json\/wp\/v2\/media\/31574"}],"wp:attachment":[{"href":"https:\/\/www.anamt.org.br\/portal\/wp-json\/wp\/v2\/media?parent=41049"}],"wp:term":[{"taxonomy":"category","embeddable":true,"href":"https:\/\/www.anamt.org.br\/portal\/wp-json\/wp\/v2\/categories?post=41049"},{"taxonomy":"post_tag","embeddable":true,"href":"https:\/\/www.anamt.org.br\/portal\/wp-json\/wp\/v2\/tags?post=41049"}],"curies":[{"name":"wp","href":"https:\/\/api.w.org\/{rel}","templated":true}]}}