{"id":41039,"date":"2020-09-17T17:44:26","date_gmt":"2020-09-17T20:44:26","guid":{"rendered":"https:\/\/www.anamt.org.br\/portal\/?p=41039"},"modified":"2022-09-04T17:28:55","modified_gmt":"2022-09-04T20:28:55","slug":"podcast-anamt-atencao-primaria-a-saude-aps-e-a-saude-do-trabalhador","status":"publish","type":"post","link":"https:\/\/www.anamt.org.br\/portal\/2020\/09\/17\/podcast-anamt-atencao-primaria-a-saude-aps-e-a-saude-do-trabalhador\/","title":{"rendered":"Podcast ANAMT: Aten\u00e7\u00e3o Prim\u00e1ria \u00e0 Sa\u00fade (APS) e a sa\u00fade do trabalhador"},"content":{"rendered":"<p>A Medicina do Trabalho e as a\u00e7\u00f5es de Sa\u00fade do Trabalhador possuem liga\u00e7\u00e3o estreita com a sa\u00fade p\u00fablica brasileira. Tal conex\u00e3o n\u00e3o surgiu subitamente, mas foi fruto de uma constru\u00e7\u00e3o ao longo do tempo e ainda hoje permanece em constante evolu\u00e7\u00e3o. A nova edi\u00e7\u00e3o do <em>Podcast ANAMT<\/em> detalha esse hist\u00f3rico e pontos importantes para a Aten\u00e7\u00e3o Prim\u00e1ria.<\/p>\n<p>O programa pode ser ouvido no <em>Spotify, <\/em><a href=\"https:\/\/open.spotify.com\/show\/7zOOeuVttuNSDsGYP8R1gS\" target=\"_blank\" rel=\"noopener\">clicando aqui<\/a> ou no <em>player<\/em> abaixo:<\/p>\n<div class=\"video-shortcode\"><iframe title=\"Spotify Embed: 25 - Aten\u00e7\u00e3o Prim\u00e1ria \u00e0 Sa\u00fade (APS) e a sa\u00fade do trabalhador\" style=\"border-radius: 12px\" width=\"100%\" height=\"152\" frameborder=\"0\" allowfullscreen allow=\"autoplay; clipboard-write; encrypted-media; fullscreen; picture-in-picture\" loading=\"lazy\" src=\"https:\/\/open.spotify.com\/embed\/episode\/2Cgfmv5uCTnvUI0jGXMyVL?utm_source=oembed\"><\/iframe><\/div>\n<p>Os epis\u00f3dios tamb\u00e9m podem ser ouvidos gratuitamente na distribuidora <em>Anchor <\/em>e em outras plataformas, sem a requisi\u00e7\u00e3o do download de aplicativo ou cria\u00e7\u00e3o de uma conta para acesso. <a href=\"https:\/\/anchor.fm\/podcast-anamt\/episodes\/Ateno-Primria--Sade-APS-e-a-sade-do-trabalhador-ejplck\/a-a3872bt\" target=\"_blank\" rel=\"noopener\">Clique aqui para selecionar uma op\u00e7\u00e3o de sua prefer\u00eancia<\/a> ou ou\u00e7a no<em> player<\/em> abaixo:<\/p>\n<p><iframe src=\"https:\/\/anchor.fm\/podcast-anamt\/embed\/episodes\/Ateno-Primria--Sade-APS-e-a-sade-do-trabalhador-ejplck\/a-a3872bt\" width=\"400px\" height=\"102px\" frameborder=\"0\" scrolling=\"no\"><\/iframe><\/p>\n<h3>Leia mais:<\/h3>\n<ul>\n<li class=\"blog-shortcode-post-title entry-title\"><a href=\"https:\/\/www.anamt.org.br\/portal\/2020\/09\/11\/em-breve-podcast-anamt-chegara-a-novas-plataformas-de-streaming\/\">Em breve: Podcast ANAMT chegar\u00e1 a novas plataformas de streaming<\/a><\/li>\n<\/ul>\n","protected":false},"excerpt":{"rendered":"<p>A Medicina do Trabalho e as a\u00e7\u00f5es de Sa\u00fade do Trabalhador possuem liga\u00e7\u00e3o estreita com a sa\u00fade p\u00fablica brasileira. Tal conex\u00e3o n\u00e3o surgiu subitamente, mas foi fruto de uma constru\u00e7\u00e3o ao longo do tempo e ainda hoje permanece em constante evolu\u00e7\u00e3o. A nova edi\u00e7\u00e3o do Podcast ANAMT detalha esse hist\u00f3rico e pontos importantes para a [&hellip;]<\/p>\n","protected":false},"author":1,"featured_media":40491,"comment_status":"closed","ping_status":"closed","sticky":false,"template":"","format":"standard","meta":{"footnotes":""},"categories":[77,242],"tags":[],"_links":{"self":[{"href":"https:\/\/www.anamt.org.br\/portal\/wp-json\/wp\/v2\/posts\/41039"}],"collection":[{"href":"https:\/\/www.anamt.org.br\/portal\/wp-json\/wp\/v2\/posts"}],"about":[{"href":"https:\/\/www.anamt.org.br\/portal\/wp-json\/wp\/v2\/types\/post"}],"author":[{"embeddable":true,"href":"https:\/\/www.anamt.org.br\/portal\/wp-json\/wp\/v2\/users\/1"}],"replies":[{"embeddable":true,"href":"https:\/\/www.anamt.org.br\/portal\/wp-json\/wp\/v2\/comments?post=41039"}],"version-history":[{"count":1,"href":"https:\/\/www.anamt.org.br\/portal\/wp-json\/wp\/v2\/posts\/41039\/revisions"}],"predecessor-version":[{"id":45540,"href":"https:\/\/www.anamt.org.br\/portal\/wp-json\/wp\/v2\/posts\/41039\/revisions\/45540"}],"wp:featuredmedia":[{"embeddable":true,"href":"https:\/\/www.anamt.org.br\/portal\/wp-json\/wp\/v2\/media\/40491"}],"wp:attachment":[{"href":"https:\/\/www.anamt.org.br\/portal\/wp-json\/wp\/v2\/media?parent=41039"}],"wp:term":[{"taxonomy":"category","embeddable":true,"href":"https:\/\/www.anamt.org.br\/portal\/wp-json\/wp\/v2\/categories?post=41039"},{"taxonomy":"post_tag","embeddable":true,"href":"https:\/\/www.anamt.org.br\/portal\/wp-json\/wp\/v2\/tags?post=41039"}],"curies":[{"name":"wp","href":"https:\/\/api.w.org\/{rel}","templated":true}]}}