{"id":41010,"date":"2020-09-10T17:38:18","date_gmt":"2020-09-10T20:38:18","guid":{"rendered":"https:\/\/www.anamt.org.br\/portal\/?p=41010"},"modified":"2020-09-15T12:40:06","modified_gmt":"2020-09-15T15:40:06","slug":"ministerio-da-saude-lanca-acoes-educativas-de-prevencao-ao-suicidio-e-automutilacao","status":"publish","type":"post","link":"https:\/\/www.anamt.org.br\/portal\/2020\/09\/10\/ministerio-da-saude-lanca-acoes-educativas-de-prevencao-ao-suicidio-e-automutilacao\/","title":{"rendered":"Minist\u00e9rio da Sa\u00fade lan\u00e7a a\u00e7\u00f5es educativas de preven\u00e7\u00e3o ao suic\u00eddio"},"content":{"rendered":"<p style=\"text-align: center;\"><em>Iniciativa in\u00e9dita levar\u00e1 conte\u00fados gratuitos a partir da campanha do Setembro Amarelo, m\u00eas de conscientiza\u00e7\u00e3o sobre o tema<\/em><\/p>\n<p>No Dia Mundial de Preven\u00e7\u00e3o do Suic\u00eddio, o Minist\u00e9rio da Sa\u00fade lan\u00e7a as <em>A\u00e7\u00f5es de Educa\u00e7\u00e3o em Sa\u00fade em Defesa da Vida<\/em>, uma s\u00e9rie de atividades educativas, itinerantes e on-line que contemplam a realiza\u00e7\u00e3o de quatro ciclos de promo\u00e7\u00e3o e preven\u00e7\u00e3o em sa\u00fade. No primeiro ciclo, as a\u00e7\u00f5es s\u00e3o voltadas \u00e0 preven\u00e7\u00e3o do suic\u00eddio e da automutila\u00e7\u00e3o, a partir do Setembro Amarelo. A iniciativa foi apresentada \u00e0s 11h desta quinta-feira (10\/9), em cerim\u00f4nia no Pal\u00e1cio do Planalto, Bras\u00edlia (DF).<\/p>\n<p>As atividades incluem cursos a dist\u00e2ncia, encontros, palestras e elabora\u00e7\u00e3o de materiais para ampliar o atendimento em sa\u00fade, a forma\u00e7\u00e3o nas escolas e nas comunidades. O objetivo \u00e9 qualificar o conhecimento de profissionais da \u00e1rea, conselheiros tutelares, professores, l\u00edderes sociais, religiosos e de entidades beneficentes, tornando-os multiplicadores da preven\u00e7\u00e3o.<\/p>\n<p>A presidente da ANAMT, Dra. Rosylane Rocha, participou do lan\u00e7amento da iniciativa. Confira sua participa\u00e7\u00e3o, a partir dos 31 minutos, do registro da transmiss\u00e3o ao vivo, publicada em nosso canal no YouTube:<\/p>\n<div class=\"video-shortcode\"><iframe title=\"Minist\u00e9rio da Sa\u00fade lan\u00e7a a\u00e7\u00f5es educativas de preven\u00e7\u00e3o ao suic\u00eddio e automutila\u00e7\u00e3o\" width=\"1500\" height=\"844\" src=\"https:\/\/www.youtube.com\/embed\/NRA6IPIIL3Q?feature=oembed\" frameborder=\"0\" allow=\"accelerometer; autoplay; clipboard-write; encrypted-media; gyroscope; picture-in-picture; web-share\" allowfullscreen><\/iframe><\/div>\n<p>A iniciativa \u00e9 desenvolvida em parceria com os minist\u00e9rios da Mulher, da Fam\u00edlia e dos Direitos Humanos, da Educa\u00e7\u00e3o e associa\u00e7\u00f5es de especialidade. Os conte\u00fados educativos est\u00e3o dispon\u00edveis no site <a href=\"http:\/\/prevencaoevida.com.br\" target=\"_blank\" rel=\"noopener\"><em>prevencaoevida.com.br<\/em><\/a>, onde as inscri\u00e7\u00f5es para as atividades j\u00e1 est\u00e3o abertas e de forma gratuita. O portal tamb\u00e9m abriga cartilhas e videoaulas. O p\u00fablico-alvo s\u00e3o adolescentes entre 11 e 18 anos e multiplicadores.<\/p>\n<p><em>(Com informa\u00e7\u00f5es: Minist\u00e9rio da Sa\u00fade)<\/em><\/p>\n","protected":false},"excerpt":{"rendered":"<p>Iniciativa in\u00e9dita levar\u00e1 conte\u00fados gratuitos a partir da campanha do Setembro Amarelo, m\u00eas de conscientiza\u00e7\u00e3o sobre o tema No Dia Mundial de Preven\u00e7\u00e3o do Suic\u00eddio, o Minist\u00e9rio da Sa\u00fade lan\u00e7a as A\u00e7\u00f5es de Educa\u00e7\u00e3o em Sa\u00fade em Defesa da Vida, uma s\u00e9rie de atividades educativas, itinerantes e on-line que contemplam a realiza\u00e7\u00e3o de quatro ciclos [&hellip;]<\/p>\n","protected":false},"author":1,"featured_media":34894,"comment_status":"closed","ping_status":"closed","sticky":false,"template":"","format":"standard","meta":{"footnotes":""},"categories":[80],"tags":[],"_links":{"self":[{"href":"https:\/\/www.anamt.org.br\/portal\/wp-json\/wp\/v2\/posts\/41010"}],"collection":[{"href":"https:\/\/www.anamt.org.br\/portal\/wp-json\/wp\/v2\/posts"}],"about":[{"href":"https:\/\/www.anamt.org.br\/portal\/wp-json\/wp\/v2\/types\/post"}],"author":[{"embeddable":true,"href":"https:\/\/www.anamt.org.br\/portal\/wp-json\/wp\/v2\/users\/1"}],"replies":[{"embeddable":true,"href":"https:\/\/www.anamt.org.br\/portal\/wp-json\/wp\/v2\/comments?post=41010"}],"version-history":[{"count":0,"href":"https:\/\/www.anamt.org.br\/portal\/wp-json\/wp\/v2\/posts\/41010\/revisions"}],"wp:featuredmedia":[{"embeddable":true,"href":"https:\/\/www.anamt.org.br\/portal\/wp-json\/wp\/v2\/media\/34894"}],"wp:attachment":[{"href":"https:\/\/www.anamt.org.br\/portal\/wp-json\/wp\/v2\/media?parent=41010"}],"wp:term":[{"taxonomy":"category","embeddable":true,"href":"https:\/\/www.anamt.org.br\/portal\/wp-json\/wp\/v2\/categories?post=41010"},{"taxonomy":"post_tag","embeddable":true,"href":"https:\/\/www.anamt.org.br\/portal\/wp-json\/wp\/v2\/tags?post=41010"}],"curies":[{"name":"wp","href":"https:\/\/api.w.org\/{rel}","templated":true}]}}