{"id":40980,"date":"2020-09-02T12:58:32","date_gmt":"2020-09-02T15:58:32","guid":{"rendered":"https:\/\/www.anamt.org.br\/portal\/?p=40980"},"modified":"2022-09-04T17:28:55","modified_gmt":"2022-09-04T20:28:55","slug":"podcast-anamt-trata-de-pneumonite-por-hipersensibilidade","status":"publish","type":"post","link":"https:\/\/www.anamt.org.br\/portal\/2020\/09\/02\/podcast-anamt-trata-de-pneumonite-por-hipersensibilidade\/","title":{"rendered":"Podcast ANAMT trata de pneumonite por hipersensibilidade"},"content":{"rendered":"<p>A pneumonite por hipersensibilidade \u00e9 uma doen\u00e7a na qual os pulm\u00f5es se tornam inflamados pela inala\u00e7\u00e3o de subst\u00e2ncias estranhas, tais como mofo, poeiras e subst\u00e2ncias qu\u00edmicas. A incid\u00eancia dessas doen\u00e7as \u00e9 o tema do <em>Podcast ANAMT <\/em>desta semana. O programa detalha alguns dos dist\u00farbios, assim como seus fatores desencadeantes e agentes causadores.<\/p>\n<p><a href=\"https:\/\/www.anamt.org.br\/portal\/painel-do-associado\/podcast-anamt\/\" target=\"_blank\" rel=\"noopener\">Clique aqui para ouvir<\/a>.<\/p>\n<h3>Benef\u00edcio exclusivo<\/h3>\n<p>As edi\u00e7\u00f5es do Podcast ANAMT s\u00e3o de acesso exclusivo para os associados e trazem conte\u00fados cient\u00edficos relevantes e de qualidade, como an\u00e1lises e estudos referentes \u00e0 \u00e1rea de SST, respostas \u00e0s principais d\u00favidas dos M\u00e9dicos do Trabalho, entrevistas com especialistas, entre outros. Conhe\u00e7a essa e outras vantagens de ser associado da ANAMT <a href=\"https:\/\/www.anamt.org.br\/portal\/seja-associado\/beneficios-para-associados\/\" target=\"_blank\" rel=\"noopener\">clicando aqui<\/a>.<\/p>\n<p>&nbsp;<\/p>\n","protected":false},"excerpt":{"rendered":"<p>A pneumonite por hipersensibilidade \u00e9 uma doen\u00e7a na qual os pulm\u00f5es se tornam inflamados pela inala\u00e7\u00e3o de subst\u00e2ncias estranhas, tais como mofo, poeiras e subst\u00e2ncias qu\u00edmicas. A incid\u00eancia dessas doen\u00e7as \u00e9 o tema do Podcast ANAMT desta semana. O programa detalha alguns dos dist\u00farbios, assim como seus fatores desencadeantes e agentes causadores. Clique aqui para [&hellip;]<\/p>\n","protected":false},"author":1,"featured_media":40491,"comment_status":"closed","ping_status":"closed","sticky":false,"template":"","format":"standard","meta":{"footnotes":""},"categories":[77,242],"tags":[],"_links":{"self":[{"href":"https:\/\/www.anamt.org.br\/portal\/wp-json\/wp\/v2\/posts\/40980"}],"collection":[{"href":"https:\/\/www.anamt.org.br\/portal\/wp-json\/wp\/v2\/posts"}],"about":[{"href":"https:\/\/www.anamt.org.br\/portal\/wp-json\/wp\/v2\/types\/post"}],"author":[{"embeddable":true,"href":"https:\/\/www.anamt.org.br\/portal\/wp-json\/wp\/v2\/users\/1"}],"replies":[{"embeddable":true,"href":"https:\/\/www.anamt.org.br\/portal\/wp-json\/wp\/v2\/comments?post=40980"}],"version-history":[{"count":1,"href":"https:\/\/www.anamt.org.br\/portal\/wp-json\/wp\/v2\/posts\/40980\/revisions"}],"predecessor-version":[{"id":45542,"href":"https:\/\/www.anamt.org.br\/portal\/wp-json\/wp\/v2\/posts\/40980\/revisions\/45542"}],"wp:featuredmedia":[{"embeddable":true,"href":"https:\/\/www.anamt.org.br\/portal\/wp-json\/wp\/v2\/media\/40491"}],"wp:attachment":[{"href":"https:\/\/www.anamt.org.br\/portal\/wp-json\/wp\/v2\/media?parent=40980"}],"wp:term":[{"taxonomy":"category","embeddable":true,"href":"https:\/\/www.anamt.org.br\/portal\/wp-json\/wp\/v2\/categories?post=40980"},{"taxonomy":"post_tag","embeddable":true,"href":"https:\/\/www.anamt.org.br\/portal\/wp-json\/wp\/v2\/tags?post=40980"}],"curies":[{"name":"wp","href":"https:\/\/api.w.org\/{rel}","templated":true}]}}