{"id":40894,"date":"2020-08-06T10:06:04","date_gmt":"2020-08-06T13:06:04","guid":{"rendered":"https:\/\/www.anamt.org.br\/portal\/?p=40894"},"modified":"2020-08-06T10:08:07","modified_gmt":"2020-08-06T13:08:07","slug":"em-menos-de-2-meses-quase-triplicou-o-numero-de-profissionais-de-saude-com-covid-19","status":"publish","type":"post","link":"https:\/\/www.anamt.org.br\/portal\/2020\/08\/06\/em-menos-de-2-meses-quase-triplicou-o-numero-de-profissionais-de-saude-com-covid-19\/","title":{"rendered":"Covid-19: em menos de 2 meses, quase triplica o n\u00ba de profissionais de sa\u00fade"},"content":{"rendered":"<div class=\"content\">\n<div class=\"moz-reader-content reader-show-element\">\n<div id=\"readability-page-1\" class=\"page\">\n<div data-share-text=\"\" data-news-content-text=\"\" data-disable-copy=\"\" data-continue-reading=\"\" data-continue-reading-hide-others=\".js-continue-reading-hidden\">\n<p>Em menos de dois meses, quase triplicou o n\u00famero de profissionais de sa\u00fade com Covid-19 no Brasil, segundo dados do Minist\u00e9rio da Sa\u00fade divulgados nesta quarta-feira (5).<\/p>\n<p>Atualmente, s\u00e3o 233.912 casos confirmados e 169 mortes entre os trabalhadores dessa categoria. No dia 12 de junho, o Brasil havia registrado 83.118 profissionais infectados e 169 \u00f3bitos.<\/p>\n<p>T\u00e9cnicos e auxiliares de enfermagem lideram a lista, com 80.287 casos. Em seguida est\u00e3o os enfermeiros, com 34.196 casos, m\u00e9dicos, com 24.402 confirma\u00e7\u00f5es, agentes comunit\u00e1rios de sa\u00fade, com 11.346 casos, e recepcionistas de unidades de sa\u00fade, com 10.110 casos.<\/p>\n<p>&#8220;N\u00f3s queremos, na data do dia 5 de agosto, lembrar que hoje \u00e9 o Dia da Sa\u00fade e parabenizar todos os profissionais que lutam, labutam d\u00e3o a sua vida e se esfor\u00e7am para produzir e gerar sa\u00fade e qualidade de vida para os brasileiros&#8221;, afirmou Arnaldo Correa de Medeiros, secret\u00e1rio nacional de Vigil\u00e2ncia em Sa\u00fade.<\/p>\n<p>Al\u00e9m dos dados divulgados sobre profissionais de sa\u00fade, Medeiros afirmou ainda que a pasta ter\u00e1 interesse em adquirir a primeira vacina que ficar dispon\u00edvel para a popula\u00e7\u00e3o, desde que tenha a efic\u00e1cia comprovada.<\/p>\n<p>A Fiocruz e a AstraZeneca assinaram no dia 31 de julho o documento que dar\u00e1 base para o acordo entre os laborat\u00f3rios para a transfer\u00eancia de tecnologia e produ\u00e7\u00e3o de 100 milh\u00f5es de doses da vacina contra a Covid-19, caso seja comprovada a sua efic\u00e1cia e seguran\u00e7a.<\/p>\n<p>O secret\u00e1rio ressaltou que, se a efic\u00e1cia for comprovada, o primeiro lote com 15 milh\u00f5es de doses pode estar dispon\u00edvel ainda em dezembro.<\/p>\n<p>&#8220;N\u00f3s estamos falando do SUS, [o Brasil] \u00e9 reconhecido como um pa\u00eds de excel\u00eancia no programa de vacina\u00e7\u00e3o, todos n\u00f3s j\u00e1 fomos vacinados um dia pelo programa de imuniza\u00e7\u00e3o. Assim que tiver efic\u00e1cia comprovada, vamos distribuir para os estados, e os estados v\u00e3o distribuir para os munic\u00edpios&#8221;, afirmou.<\/p>\n<p>O secret\u00e1rio apresentou ainda dados sobre casos e mortes de Covid-19 em todo o pa\u00eds.<\/p>\n<p>Houve redu\u00e7\u00e3o de 2% do n\u00famero de casos da doen\u00e7a no pa\u00eds e queda de 7% tamb\u00e9m do n\u00famero de mortes da 30\u00aa para a 31\u00aa semana epidemiol\u00f3gica.<\/p>\n<p>Nesta quarta, o Brasil atingiu 97.256 mortes e 2.859.073 casos de infec\u00e7\u00e3o pelo novo coronav\u00edrus, segundo dados da pasta. Cada regi\u00e3o, entretanto, se comportou de uma forma.<\/p>\n<p>Na regi\u00e3o Sul houve aumento de 11% tanto no n\u00famero de casos quanto de mortes. No Norte houve redu\u00e7\u00e3o de 16% no n\u00famero de casos e de 39% do n\u00famero de mortes.<\/p>\n<p>J\u00e1 no Centro-Oeste houve estabiliza\u00e7\u00e3o do n\u00famero de casos, pois o acr\u00e9scimo foi de apenas 2%, e aumento no n\u00famero de \u00f3bitos de 8%.<\/p>\n<p>Assim como no Centro-Oeste, houve estabiliza\u00e7\u00e3o no n\u00famero de casos no Nordeste, com a diminui\u00e7\u00e3o de apenas 3% de casos confirmados e queda de 11% no n\u00famero de mortes.<\/p>\n<p>Houve estabiliza\u00e7\u00e3o tamb\u00e9m no Sudeste em raz\u00e3o da redu\u00e7\u00e3o de apenas 3% do n\u00famero de casos e queda de 8% no n\u00famero de \u00f3bitos.<\/p>\n<p><em>(Fonte: Folha de S. Paulo)<\/em><\/p>\n<\/div>\n<\/div>\n<\/div>\n<\/div>\n","protected":false},"excerpt":{"rendered":"<p>Em menos de dois meses, quase triplicou o n\u00famero de profissionais de sa\u00fade com Covid-19 no Brasil, segundo dados do Minist\u00e9rio da Sa\u00fade divulgados nesta quarta-feira (5). Atualmente, s\u00e3o 233.912 casos confirmados e 169 mortes entre os trabalhadores dessa categoria. No dia 12 de junho, o Brasil havia registrado 83.118 profissionais infectados e 169 \u00f3bitos. [&hellip;]<\/p>\n","protected":false},"author":1,"featured_media":39913,"comment_status":"closed","ping_status":"closed","sticky":false,"template":"","format":"standard","meta":{"footnotes":""},"categories":[80],"tags":[],"_links":{"self":[{"href":"https:\/\/www.anamt.org.br\/portal\/wp-json\/wp\/v2\/posts\/40894"}],"collection":[{"href":"https:\/\/www.anamt.org.br\/portal\/wp-json\/wp\/v2\/posts"}],"about":[{"href":"https:\/\/www.anamt.org.br\/portal\/wp-json\/wp\/v2\/types\/post"}],"author":[{"embeddable":true,"href":"https:\/\/www.anamt.org.br\/portal\/wp-json\/wp\/v2\/users\/1"}],"replies":[{"embeddable":true,"href":"https:\/\/www.anamt.org.br\/portal\/wp-json\/wp\/v2\/comments?post=40894"}],"version-history":[{"count":0,"href":"https:\/\/www.anamt.org.br\/portal\/wp-json\/wp\/v2\/posts\/40894\/revisions"}],"wp:featuredmedia":[{"embeddable":true,"href":"https:\/\/www.anamt.org.br\/portal\/wp-json\/wp\/v2\/media\/39913"}],"wp:attachment":[{"href":"https:\/\/www.anamt.org.br\/portal\/wp-json\/wp\/v2\/media?parent=40894"}],"wp:term":[{"taxonomy":"category","embeddable":true,"href":"https:\/\/www.anamt.org.br\/portal\/wp-json\/wp\/v2\/categories?post=40894"},{"taxonomy":"post_tag","embeddable":true,"href":"https:\/\/www.anamt.org.br\/portal\/wp-json\/wp\/v2\/tags?post=40894"}],"curies":[{"name":"wp","href":"https:\/\/api.w.org\/{rel}","templated":true}]}}