{"id":40781,"date":"2020-07-13T11:47:45","date_gmt":"2020-07-13T14:47:45","guid":{"rendered":"https:\/\/www.anamt.org.br\/portal\/?p=40781"},"modified":"2020-07-13T11:47:45","modified_gmt":"2020-07-13T14:47:45","slug":"confirmada-nova-data-para-realizacao-do-18o-congresso-nacional","status":"publish","type":"post","link":"https:\/\/www.anamt.org.br\/portal\/2020\/07\/13\/confirmada-nova-data-para-realizacao-do-18o-congresso-nacional\/","title":{"rendered":"Confirmada nova data para realiza\u00e7\u00e3o do 18\u00ba Congresso Nacional"},"content":{"rendered":"<p><a href=\"https:\/\/congresso.anamt.org.br\/\"><img decoding=\"async\" class=\"aligncenter wp-image-40782 size-600\" src=\"https:\/\/www.anamt.org.br\/portal\/wp-content\/uploads\/2020\/07\/CONGRESSO_ANAMT_BELEM_650-600x300.jpg\" alt=\"\" width=\"600\" height=\"300\" srcset=\"https:\/\/www.anamt.org.br\/portal\/wp-content\/uploads\/2020\/07\/CONGRESSO_ANAMT_BELEM_650-200x100.jpg 200w, https:\/\/www.anamt.org.br\/portal\/wp-content\/uploads\/2020\/07\/CONGRESSO_ANAMT_BELEM_650-300x150.jpg 300w, https:\/\/www.anamt.org.br\/portal\/wp-content\/uploads\/2020\/07\/CONGRESSO_ANAMT_BELEM_650-400x200.jpg 400w, https:\/\/www.anamt.org.br\/portal\/wp-content\/uploads\/2020\/07\/CONGRESSO_ANAMT_BELEM_650-600x300.jpg 600w, https:\/\/www.anamt.org.br\/portal\/wp-content\/uploads\/2020\/07\/CONGRESSO_ANAMT_BELEM_650.jpg 650w\" sizes=\"(max-width: 600px) 100vw, 600px\" \/><\/a><\/p>\n<p>A espera acabou. O 18\u00ba Congresso Nacional da ANAMT ganhou uma nova data: de 8 a 10 de abril de 2021, o Hangar de Conven\u00e7\u00f5es e Feiras da Amaz\u00f4nia, em Bel\u00e9m (PA), reunir\u00e1 especialistas de refer\u00eancia para um extenso circuito de palestras, confer\u00eancias e cursos sobre os principais assuntos em debate na Medicina do Trabalho.<\/p>\n<p>Em face da pandemia do novo coronav\u00edrus (Covid-19) e da recomenda\u00e7\u00e3o pelo cancelamento de grandes eventos, <a href=\"https:\/\/www.anamt.org.br\/portal\/2020\/03\/16\/informativo-sobre-a-prova-de-titulo-e-o-18o-congresso-nacional-anamt-2\/\">a Diretoria da ANAMT optou por adiar a realiza\u00e7\u00e3o do evento<\/a> em sua data original, de 29 de abril a 2 de maio de 2020.<\/p>\n<p>O tema central ser\u00e1 <em>O Papel do M\u00e9dico do Trabalho na Aten\u00e7\u00e3o Prim\u00e1ria<\/em>. Fique atento \u00e0s redes sociais e ao hotsite do evento para acompanhar as novidades:\u00a0<a href=\"https:\/\/congresso.anamt.org.br\/\" target=\"_blank\" rel=\"noopener\">congresso.anamt.org.br<\/a><\/p>\n<p>Mais detalhes ser\u00e3o anunciados em breve.<\/p>\n","protected":false},"excerpt":{"rendered":"<p>A espera acabou. O 18\u00ba Congresso Nacional da ANAMT ganhou uma nova data: de 8 a 10 de abril de 2021, o Hangar de Conven\u00e7\u00f5es e Feiras da Amaz\u00f4nia, em Bel\u00e9m (PA), reunir\u00e1 especialistas de refer\u00eancia para um extenso circuito de palestras, confer\u00eancias e cursos sobre os principais assuntos em debate na Medicina do Trabalho. [&hellip;]<\/p>\n","protected":false},"author":1,"featured_media":40783,"comment_status":"closed","ping_status":"closed","sticky":false,"template":"","format":"standard","meta":{"footnotes":""},"categories":[77],"tags":[],"_links":{"self":[{"href":"https:\/\/www.anamt.org.br\/portal\/wp-json\/wp\/v2\/posts\/40781"}],"collection":[{"href":"https:\/\/www.anamt.org.br\/portal\/wp-json\/wp\/v2\/posts"}],"about":[{"href":"https:\/\/www.anamt.org.br\/portal\/wp-json\/wp\/v2\/types\/post"}],"author":[{"embeddable":true,"href":"https:\/\/www.anamt.org.br\/portal\/wp-json\/wp\/v2\/users\/1"}],"replies":[{"embeddable":true,"href":"https:\/\/www.anamt.org.br\/portal\/wp-json\/wp\/v2\/comments?post=40781"}],"version-history":[{"count":0,"href":"https:\/\/www.anamt.org.br\/portal\/wp-json\/wp\/v2\/posts\/40781\/revisions"}],"wp:featuredmedia":[{"embeddable":true,"href":"https:\/\/www.anamt.org.br\/portal\/wp-json\/wp\/v2\/media\/40783"}],"wp:attachment":[{"href":"https:\/\/www.anamt.org.br\/portal\/wp-json\/wp\/v2\/media?parent=40781"}],"wp:term":[{"taxonomy":"category","embeddable":true,"href":"https:\/\/www.anamt.org.br\/portal\/wp-json\/wp\/v2\/categories?post=40781"},{"taxonomy":"post_tag","embeddable":true,"href":"https:\/\/www.anamt.org.br\/portal\/wp-json\/wp\/v2\/tags?post=40781"}],"curies":[{"name":"wp","href":"https:\/\/api.w.org\/{rel}","templated":true}]}}