{"id":40765,"date":"2020-07-08T12:19:17","date_gmt":"2020-07-08T15:19:17","guid":{"rendered":"https:\/\/www.anamt.org.br\/portal\/?p=40765"},"modified":"2022-09-04T17:29:24","modified_gmt":"2022-09-04T20:29:24","slug":"podcast-anamt-alteracoes-decorrentes-do-decreto-10-410-de-30-de-junho-de-2020","status":"publish","type":"post","link":"https:\/\/www.anamt.org.br\/portal\/2020\/07\/08\/podcast-anamt-alteracoes-decorrentes-do-decreto-10-410-de-30-de-junho-de-2020\/","title":{"rendered":"Podcast ANAMT: Altera\u00e7\u00f5es decorrentes do Decreto 10.410"},"content":{"rendered":"<p>Foi publicado no Di\u00e1rio Oficial da Uni\u00e3o o\u00a0<a href=\"http:\/\/www.in.gov.br\/en\/web\/dou\/-\/decreto-n-10.410-de-30-de-junho-de-2020-264503344\" target=\"_blank\" rel=\"noreferrer noopener\">Decreto\u00a0<\/a><a href=\"https:\/\/www.jusbrasil.com.br\/legislacao\/869047437\/decreto-10410-20\">10.410<\/a>\u00a0que promove uma ampla atualiza\u00e7\u00e3o no regulamento que disciplina a aplica\u00e7\u00e3o dos planos de custeio e de benef\u00edcios da Previd\u00eancia Social.<\/p>\n<p>Foi necess\u00e1ria a sua publica\u00e7\u00e3o ap\u00f3s a aprova\u00e7\u00e3o da Reforma da Previd\u00eancia (<a href=\"http:\/\/www.planalto.gov.br\/ccivil_03\/constituicao\/emendas\/emc\/emc103.htm\" target=\"_blank\" rel=\"noreferrer noopener\">Emenda Constitucional n\u00ba 103<\/a>\u00a0de 2019) e consolida altera\u00e7\u00f5es na legisla\u00e7\u00e3o dos \u00faltimos dez anos. Isso se mostra importante para tamb\u00e9m eliminar o avan\u00e7ado n\u00famero de portarias administrativas regulamentadoras que tivemos nos \u00faltimos meses.<\/p>\n<p>Para auxiliar os nossos associados nessas altera\u00e7\u00f5es, o novo Podcast da ANAMT aborda as principais altera\u00e7\u00f5es provocadas pela legisla\u00e7\u00e3o.<\/p>\n<p>Ou\u00e7a o programa na <a href=\"https:\/\/www.anamt.org.br\/portal\/painel-do-associado\/podcast-anamt\/\" target=\"_blank\" rel=\"noopener\">\u00e1rea de acesso restrito para associados<\/a>.<\/p>\n<h3>Benef\u00edcio exclusivo<\/h3>\n<p>As edi\u00e7\u00f5es do Podcast ANAMT s\u00e3o de acesso exclusivo para os associados e trazem conte\u00fados cient\u00edficos relevantes e de qualidade, como an\u00e1lises e estudos referentes \u00e0 \u00e1rea de SST, respostas \u00e0s principais d\u00favidas dos M\u00e9dicos do Trabalho, entrevistas com especialistas, entre outros. Conhe\u00e7a essa e outras vantagens de ser associado da ANAMT clicando <a href=\"https:\/\/www.anamt.org.br\/portal\/seja-associado\/beneficios-para-associados\/\" target=\"_blank\" rel=\"noopener\">aqui<\/a>.<\/p>\n","protected":false},"excerpt":{"rendered":"<p>Foi publicado no Di\u00e1rio Oficial da Uni\u00e3o o\u00a0Decreto\u00a010.410\u00a0que promove uma ampla atualiza\u00e7\u00e3o no regulamento que disciplina a aplica\u00e7\u00e3o dos planos de custeio e de benef\u00edcios da Previd\u00eancia Social. Foi necess\u00e1ria a sua publica\u00e7\u00e3o ap\u00f3s a aprova\u00e7\u00e3o da Reforma da Previd\u00eancia (Emenda Constitucional n\u00ba 103\u00a0de 2019) e consolida altera\u00e7\u00f5es na legisla\u00e7\u00e3o dos \u00faltimos dez anos. Isso [&hellip;]<\/p>\n","protected":false},"author":1,"featured_media":40491,"comment_status":"closed","ping_status":"closed","sticky":false,"template":"","format":"standard","meta":{"footnotes":""},"categories":[77,242],"tags":[],"_links":{"self":[{"href":"https:\/\/www.anamt.org.br\/portal\/wp-json\/wp\/v2\/posts\/40765"}],"collection":[{"href":"https:\/\/www.anamt.org.br\/portal\/wp-json\/wp\/v2\/posts"}],"about":[{"href":"https:\/\/www.anamt.org.br\/portal\/wp-json\/wp\/v2\/types\/post"}],"author":[{"embeddable":true,"href":"https:\/\/www.anamt.org.br\/portal\/wp-json\/wp\/v2\/users\/1"}],"replies":[{"embeddable":true,"href":"https:\/\/www.anamt.org.br\/portal\/wp-json\/wp\/v2\/comments?post=40765"}],"version-history":[{"count":1,"href":"https:\/\/www.anamt.org.br\/portal\/wp-json\/wp\/v2\/posts\/40765\/revisions"}],"predecessor-version":[{"id":45548,"href":"https:\/\/www.anamt.org.br\/portal\/wp-json\/wp\/v2\/posts\/40765\/revisions\/45548"}],"wp:featuredmedia":[{"embeddable":true,"href":"https:\/\/www.anamt.org.br\/portal\/wp-json\/wp\/v2\/media\/40491"}],"wp:attachment":[{"href":"https:\/\/www.anamt.org.br\/portal\/wp-json\/wp\/v2\/media?parent=40765"}],"wp:term":[{"taxonomy":"category","embeddable":true,"href":"https:\/\/www.anamt.org.br\/portal\/wp-json\/wp\/v2\/categories?post=40765"},{"taxonomy":"post_tag","embeddable":true,"href":"https:\/\/www.anamt.org.br\/portal\/wp-json\/wp\/v2\/tags?post=40765"}],"curies":[{"name":"wp","href":"https:\/\/api.w.org\/{rel}","templated":true}]}}