{"id":40733,"date":"2020-06-30T09:52:27","date_gmt":"2020-06-30T12:52:27","guid":{"rendered":"https:\/\/www.anamt.org.br\/portal\/?p=40733"},"modified":"2022-09-04T17:29:24","modified_gmt":"2022-09-04T20:29:24","slug":"podcast-anamt-uso-de-epis-por-profissionais-da-saude-no-combate-ao-coronavirus","status":"publish","type":"post","link":"https:\/\/www.anamt.org.br\/portal\/2020\/06\/30\/podcast-anamt-uso-de-epis-por-profissionais-da-saude-no-combate-ao-coronavirus\/","title":{"rendered":"Podcast ANAMT: Uso de EPIs por profissionais da sa\u00fade no combate ao coronav\u00edrus"},"content":{"rendered":"<p>O uso de equipamentos de prote\u00e7\u00e3o individual (EPIs) por profissionais de sa\u00fade no combate ao coronav\u00edrus \u00e9 fundamental para que estas pessoas n\u00e3o se contaminem, evitando a propaga\u00e7\u00e3o da doen\u00e7a na \u00e1rea e entre os familiares destes indiv\u00edduos.<\/p>\n<p>Nessa linha, o Podcast ANAMT aborda uma atualiza\u00e7\u00e3o da Colabora\u00e7\u00e3o Cochrane Work sobre o tema, al\u00e9m de outras doen\u00e7as altamente infecciosas. O estudo aborda os resultados de outros trabalhos sobre o tema, que levantaram os tipos de EPIs, modifica\u00e7\u00f5es nos equipamentos, treinamento das equipes e EPIs alterados.<\/p>\n<p>Ou\u00e7a o programa na <a href=\"https:\/\/www.anamt.org.br\/portal\/painel-do-associado\/podcast-anamt\/\" target=\"_blank\" rel=\"noopener\">\u00e1rea de acesso restrito para associados<\/a>.<\/p>\n<h3>Benef\u00edcio exclusivo<\/h3>\n<p>As edi\u00e7\u00f5es do Podcast ANAMT s\u00e3o de acesso exclusivo para os associados e trazem conte\u00fados cient\u00edficos relevantes e de qualidade, como an\u00e1lises e estudos referentes \u00e0 \u00e1rea de SST, respostas \u00e0s principais d\u00favidas dos M\u00e9dicos do Trabalho, entrevistas com especialistas, entre outros. Conhe\u00e7a essa e outras vantagens de ser associado da ANAMT clicando <a href=\"https:\/\/www.anamt.org.br\/portal\/seja-associado\/beneficios-para-associados\/\" target=\"_blank\" rel=\"noopener\">aqui<\/a>.<\/p>\n","protected":false},"excerpt":{"rendered":"<p>O uso de equipamentos de prote\u00e7\u00e3o individual (EPIs) por profissionais de sa\u00fade no combate ao coronav\u00edrus \u00e9 fundamental para que estas pessoas n\u00e3o se contaminem, evitando a propaga\u00e7\u00e3o da doen\u00e7a na \u00e1rea e entre os familiares destes indiv\u00edduos. Nessa linha, o Podcast ANAMT aborda uma atualiza\u00e7\u00e3o da Colabora\u00e7\u00e3o Cochrane Work sobre o tema, al\u00e9m de [&hellip;]<\/p>\n","protected":false},"author":1,"featured_media":40491,"comment_status":"closed","ping_status":"closed","sticky":false,"template":"","format":"standard","meta":{"footnotes":""},"categories":[77,242],"tags":[],"_links":{"self":[{"href":"https:\/\/www.anamt.org.br\/portal\/wp-json\/wp\/v2\/posts\/40733"}],"collection":[{"href":"https:\/\/www.anamt.org.br\/portal\/wp-json\/wp\/v2\/posts"}],"about":[{"href":"https:\/\/www.anamt.org.br\/portal\/wp-json\/wp\/v2\/types\/post"}],"author":[{"embeddable":true,"href":"https:\/\/www.anamt.org.br\/portal\/wp-json\/wp\/v2\/users\/1"}],"replies":[{"embeddable":true,"href":"https:\/\/www.anamt.org.br\/portal\/wp-json\/wp\/v2\/comments?post=40733"}],"version-history":[{"count":1,"href":"https:\/\/www.anamt.org.br\/portal\/wp-json\/wp\/v2\/posts\/40733\/revisions"}],"predecessor-version":[{"id":45549,"href":"https:\/\/www.anamt.org.br\/portal\/wp-json\/wp\/v2\/posts\/40733\/revisions\/45549"}],"wp:featuredmedia":[{"embeddable":true,"href":"https:\/\/www.anamt.org.br\/portal\/wp-json\/wp\/v2\/media\/40491"}],"wp:attachment":[{"href":"https:\/\/www.anamt.org.br\/portal\/wp-json\/wp\/v2\/media?parent=40733"}],"wp:term":[{"taxonomy":"category","embeddable":true,"href":"https:\/\/www.anamt.org.br\/portal\/wp-json\/wp\/v2\/categories?post=40733"},{"taxonomy":"post_tag","embeddable":true,"href":"https:\/\/www.anamt.org.br\/portal\/wp-json\/wp\/v2\/tags?post=40733"}],"curies":[{"name":"wp","href":"https:\/\/api.w.org\/{rel}","templated":true}]}}