{"id":40632,"date":"2020-06-10T11:41:26","date_gmt":"2020-06-10T14:41:26","guid":{"rendered":"https:\/\/www.anamt.org.br\/portal\/?p=40632"},"modified":"2020-06-10T11:54:39","modified_gmt":"2020-06-10T14:54:39","slug":"12-de-junho-dia-mundial-de-combate-ao-trabalho-infantil-marca-o-calendario","status":"publish","type":"post","link":"https:\/\/www.anamt.org.br\/portal\/2020\/06\/10\/12-de-junho-dia-mundial-de-combate-ao-trabalho-infantil-marca-o-calendario\/","title":{"rendered":"12 de junho: Dia Mundial de Combate ao Trabalho Infantil marca o calend\u00e1rio"},"content":{"rendered":"<p>Doze de junho \u00e9 o Dia Mundial de Combate ao Trabalho Infantil. A data foi institu\u00edda pela Organiza\u00e7\u00e3o Internacional do Trabalho (OIT), em 2002, para conscientizar sociedade, trabalhadores, empregadores e governos do mundo todo contra o trabalho infantil.<\/p>\n<p>Toda crian\u00e7a tem direito ao lazer, \u00e0 educa\u00e7\u00e3o e \u00e0 sa\u00fade, mas nem sempre \u00e9 assim. No Brasil, o 12 de junho foi institu\u00eddo como Dia Nacional de Combate ao Trabalho Infantil pela Lei N\u00ba 11.542\/2007.<\/p>\n<p>Quase 1 milh\u00e3o de crian\u00e7as trabalham ilegalmente por todo o pa\u00eds. S\u00e3o crian\u00e7as e adolescentes de 5 a 17 anos que atuam na ind\u00fastria, no com\u00e9rcio e na agricultura. Parte dessa popula\u00e7\u00e3o atua nas piores formas de trabalho infantil, que s\u00e3o o trabalho dom\u00e9stico, prostitui\u00e7\u00e3o e tr\u00e1fico de drogas.<\/p>\n<h3>O que \u00e9 trabalho infantil<\/h3>\n<p>O trabalho infantil, segundo a legisla\u00e7\u00e3o brasileira, se refere \u00e0s atividades econ\u00f4micas e\/ou atividades de sobreviv\u00eancia, com ou sem finalidade de lucro, remuneradas ou n\u00e3o, realizadas por crian\u00e7as ou adolescentes em idade inferior a 16 anos, ressalvada a condi\u00e7\u00e3o de aprendiz a partir dos 14 anos, independentemente da sua condi\u00e7\u00e3o ocupacional.<\/p>\n<p>O Brasil \u00e9 refer\u00eancia na comunidade internacional no que se refere aos esfor\u00e7os para a preven\u00e7\u00e3o e elimina\u00e7\u00e3o do trabalho infantil. Desde meados da d\u00e9cada de 1990, o pa\u00eds reconheceu oficialmente a exist\u00eancia do problema e afirmou sua disposi\u00e7\u00e3o de enfrent\u00e1-lo.<\/p>\n<p>A partir da\u00ed, o governo brasileiro, juntamente com organiza\u00e7\u00f5es de trabalhadores, empregadores e da sociedade civil, come\u00e7ou a implementar as disposi\u00e7\u00f5es das Conven\u00e7\u00f5es <a href=\"https:\/\/www.ilo.org\/brasilia\/temas\/trabalho-infantil\/WCMS_235872\/lang--pt\/index.htm\" target=\"\">138\u00a0<\/a> e <a href=\"https:\/\/www.ilo.org\/brasilia\/temas\/trabalho-infantil\/WCMS_236696\/lang--pt\/index.htm\" target=\"\">182\u00a0<\/a> da OIT, que foram ratificadas pelos Decretos n\u00b0 4.134, de 15 de fevereiro de 2002, e n\u00ba 3.597, de 12 de setembro de 2000, respectivamente.<\/p>\n<p>Al\u00e9m das conven\u00e7\u00f5es internacionais ratificadas pelo pa\u00eds, a legisla\u00e7\u00e3o brasileira cont\u00e9m claros dispositivos relativos \u00e0 proibi\u00e7\u00e3o do trabalho infantil e \u00e0 prote\u00e7\u00e3o dos direitos das crian\u00e7as e adolescentes, a come\u00e7ar pela Constitui\u00e7\u00e3o Federal de 1988. Outros instrumentos legais normatizam e resguardam esses direitos: o Estatuto da Crian\u00e7a e Adolescente (ECA), a Consolida\u00e7\u00e3o das Leis do Trabalho (CLT) e outras normas relevantes como, por exemplo, a Lei de Diretrizes e Bases da Educa\u00e7\u00e3o (LDB) e o C\u00f3digo Penal.<\/p>\n<p>A Constitui\u00e7\u00e3o de 1988, em seu artigo 227, reconhece os direitos das crian\u00e7as dentro do princ\u00edpio da prote\u00e7\u00e3o integral:<\/p>\n<div>Art. 227: \u00c9 dever da fam\u00edlia, da sociedade e do Estado assegurar \u00e0 crian\u00e7a e ao adolescente, com absoluta prioridade, o direito \u00e0 vida, \u00e0 sa\u00fade, \u00e0 alimenta\u00e7\u00e3o, \u00e0 educa\u00e7\u00e3o, ao lazer, \u00e0 profissionaliza\u00e7\u00e3o, \u00e0 cultura, \u00e0 dignidade, ao respeito, \u00e0 liberdade e \u00e0 conviv\u00eancia familiar e comunit\u00e1ria, al\u00e9m de coloc\u00e1-los a salvo de toda a forma de neglig\u00eancia, discrimina\u00e7\u00e3o, explora\u00e7\u00e3o, viol\u00eancia, crueldade e opress\u00e3o.<\/div>\n<p>A Constitui\u00e7\u00e3o ainda pro\u00edbe o trabalho de pessoas menores de 16 anos, salvo na condi\u00e7\u00e3o de aprendiz, a partir de 14 anos:<\/p>\n<div><em>Art. 7\u00ba S\u00e3o direitos dos trabalhadores urbanos e rurais, al\u00e9m de outros que visem \u00e0 melhoria de sua condi\u00e7\u00e3o social:<br \/>\nXXXIII &#8211; proibi\u00e7\u00e3o de trabalho noturno, perigoso ou insalubre a menores de dezoito e de qualquer trabalho a menores de dezesseis anos, salvo na condi\u00e7\u00e3o de aprendiz, a partir de quatorze anos.<\/em><\/div>\n<p>O artigo 403 da CLT, por sua vez, estabelece tamb\u00e9m a idade m\u00ednima para o trabalho aos 16 anos.<\/p>\n<p>Al\u00e9m do marco legal, outros fatores explicam os avan\u00e7os do Brasil na preven\u00e7\u00e3o e erradica\u00e7\u00e3o do trabalho infantil:<\/p>\n<ul>\n<li>Os importantes avan\u00e7os no sentido da universaliza\u00e7\u00e3o da educa\u00e7\u00e3o b\u00e1sica;<\/li>\n<li>A a\u00e7\u00e3o decidida da fiscaliza\u00e7\u00e3o do trabalho;<\/li>\n<li>A exist\u00eancia de pol\u00edticas p\u00fablicas de transfer\u00eancia de renda condicionada (como o Bolsa Fam\u00edlia e o PETI \u2013 Programa de Erradica\u00e7\u00e3o do Trabalho Infantil);<\/li>\n<li>A incorpora\u00e7\u00e3o do tema de forma sistem\u00e1tica pelo sistema estat\u00edstico nacional desde 1992, gerando informa\u00e7\u00f5es confi\u00e1veis e detalhadas que permitem o conhecimento e an\u00e1lise do problema, considerando suas dimens\u00f5es setoriais, territoriais, de g\u00eanero, ra\u00e7a, etnia, entre outras, e que contribui decisivamente para a visibilidade do tema na sociedade e para a melhoria das estrat\u00e9gias de preven\u00e7\u00e3o e erradica\u00e7\u00e3o;<\/li>\n<li>A cria\u00e7\u00e3o de inst\u00e2ncias de di\u00e1logo social (compostas por representantes de governo, organiza\u00e7\u00f5es de empregadores, trabalhadores e da sociedade civil, al\u00e9m do Minist\u00e9rio P\u00fablico do Trabalho), como a Comiss\u00e3o Nacional de Preven\u00e7\u00e3o e Erradica\u00e7\u00e3o do Trabalho Infantil (CONAETI);<\/li>\n<li>O ativo envolvimento do Minist\u00e9rio P\u00fablico do Trabalho e da Justi\u00e7a do Trabalho;<\/li>\n<li>Uma intensa participa\u00e7\u00e3o da sociedade civil, expressa principalmente atrav\u00e9s do F\u00f3rum Nacional de Preven\u00e7\u00e3o e Erradica\u00e7\u00e3o do Trabalho Infantil (FNPETI) e suas representa\u00e7\u00f5es estaduais.<\/li>\n<li>Apesar de todos os esfor\u00e7os, o n\u00famero de crian\u00e7as ocupadas no Brasil representa quase 25% do total de crian\u00e7as ocupadas na Am\u00e9rica Latina. Por isso, \u00e9 imprescind\u00edvel que o Brasil adote medidas urgentes e eficazes para acelerar o ritmo de elimina\u00e7\u00e3o do trabalho infantil.<\/li>\n<\/ul>\n<p><em>(Com informa\u00e7\u00f5es: OIT)<\/em><\/p>\n","protected":false},"excerpt":{"rendered":"<p>Doze de junho \u00e9 o Dia Mundial de Combate ao Trabalho Infantil. A data foi institu\u00edda pela Organiza\u00e7\u00e3o Internacional do Trabalho (OIT), em 2002, para conscientizar sociedade, trabalhadores, empregadores e governos do mundo todo contra o trabalho infantil. Toda crian\u00e7a tem direito ao lazer, \u00e0 educa\u00e7\u00e3o e \u00e0 sa\u00fade, mas nem sempre \u00e9 assim. No [&hellip;]<\/p>\n","protected":false},"author":1,"featured_media":33867,"comment_status":"closed","ping_status":"closed","sticky":false,"template":"","format":"standard","meta":{"footnotes":""},"categories":[80],"tags":[],"_links":{"self":[{"href":"https:\/\/www.anamt.org.br\/portal\/wp-json\/wp\/v2\/posts\/40632"}],"collection":[{"href":"https:\/\/www.anamt.org.br\/portal\/wp-json\/wp\/v2\/posts"}],"about":[{"href":"https:\/\/www.anamt.org.br\/portal\/wp-json\/wp\/v2\/types\/post"}],"author":[{"embeddable":true,"href":"https:\/\/www.anamt.org.br\/portal\/wp-json\/wp\/v2\/users\/1"}],"replies":[{"embeddable":true,"href":"https:\/\/www.anamt.org.br\/portal\/wp-json\/wp\/v2\/comments?post=40632"}],"version-history":[{"count":0,"href":"https:\/\/www.anamt.org.br\/portal\/wp-json\/wp\/v2\/posts\/40632\/revisions"}],"wp:featuredmedia":[{"embeddable":true,"href":"https:\/\/www.anamt.org.br\/portal\/wp-json\/wp\/v2\/media\/33867"}],"wp:attachment":[{"href":"https:\/\/www.anamt.org.br\/portal\/wp-json\/wp\/v2\/media?parent=40632"}],"wp:term":[{"taxonomy":"category","embeddable":true,"href":"https:\/\/www.anamt.org.br\/portal\/wp-json\/wp\/v2\/categories?post=40632"},{"taxonomy":"post_tag","embeddable":true,"href":"https:\/\/www.anamt.org.br\/portal\/wp-json\/wp\/v2\/tags?post=40632"}],"curies":[{"name":"wp","href":"https:\/\/api.w.org\/{rel}","templated":true}]}}