{"id":40580,"date":"2020-06-03T10:18:56","date_gmt":"2020-06-03T13:18:56","guid":{"rendered":"https:\/\/www.anamt.org.br\/portal\/?p=40580"},"modified":"2020-06-03T10:18:56","modified_gmt":"2020-06-03T13:18:56","slug":"aprovado-projeto-que-autoriza-universidades-a-fabricar-equipamentos-contra-covid-19","status":"publish","type":"post","link":"https:\/\/www.anamt.org.br\/portal\/2020\/06\/03\/aprovado-projeto-que-autoriza-universidades-a-fabricar-equipamentos-contra-covid-19\/","title":{"rendered":"Aprovado projeto que autoriza universidades a fabricar equipamentos contra covid-19"},"content":{"rendered":"<p>O Senado aprovou nesta quinta-feira (28), em sess\u00e3o deliberativa remota, a participa\u00e7\u00e3o de institui\u00e7\u00f5es p\u00fablicas de ensino na produ\u00e7\u00e3o de equipamentos e materiais de combate \u00e0 covid-19, como respiradores, m\u00e1scaras e \u00e1lcool gel. A inten\u00e7\u00e3o \u00e9 contribuir para o emprego mais eficiente dos recursos p\u00fablicos no combate \u00e0 pandemia. O texto, aprovado por unanimidade, segue para a C\u00e2mara dos Deputados.<\/p>\n<p>O Projeto de Lei (PL) <a href=\"http:\/\/www25.senado.leg.br\/web\/atividade\/materias\/-\/materia\/141439\">1.545\/2020<\/a>, do senador Veneziano Vital do R\u00eago (PSB-PB), acrescenta dispositivo \u00e0 <a href=\"http:\/\/www.planalto.gov.br\/ccivil_03\/_ato2019-2022\/2020\/lei\/L13979.htm\">lei<\/a> que trata das medidas empregadas na atual emerg\u00eancia de sa\u00fade p\u00fablica provocada pela expans\u00e3o mundial do coronav\u00edrus. Com isso, institui\u00e7\u00f5es como universidades e institutos federais ficam autorizadas a usar parte de seu or\u00e7amento, instala\u00e7\u00f5es e m\u00e3o de obra para a confec\u00e7\u00e3o desses equipamentos.<\/p>\n<p>\u2014\u00a0\u00c9 muito importante o reconhecimento \u00e0s institui\u00e7\u00f5es acad\u00eamicas de ensino superior, que poderiam j\u00e1 estar produzindo respiradores, ventiladores, outros demais insumos a pre\u00e7os bem baixos em compara\u00e7\u00e3o aos pre\u00e7os que estamos a enxergar no mercado \u2014 disse o senador ao pedir a aprova\u00e7\u00e3o do projeto.<\/p>\n<p>Para o senador, todos os recursos dispon\u00edveis devem ser usados da melhor maneira para o enfrentamento do problema. Ele citou como exemplo a produ\u00e7\u00e3o de \u00e1lcool 70% pelo Instituto de Pesquisa em F\u00e1rmacos e Medicamentos (Ipefarm) da Universidade Federal da Para\u00edba (UFPB). A institui\u00e7\u00e3o depende da doa\u00e7\u00e3o de insumos porque \u00e9 impedida de utilizar recursos pr\u00f3prios para adquiri-los.<\/p>\n<p>O relator, senador Cid Gomes (PDT-CE), tamb\u00e9m lembrou que as institui\u00e7\u00f5es de ensino j\u00e1 v\u00eam auxiliando no enfrentamento da emerg\u00eancia de sa\u00fade p\u00fablica. Ele citou como exemplo testes feitos pela Universidade Estadual de Campinas (Unicamp) e pela Universidade de S\u00e3o Paulo (ICB-USP); o prot\u00f3tipo de ventilador pulmonar feito pela Universidade Federal de Santa Catarina (UFSC); e as pe\u00e7as para respiradores e equipamentos de UTI feitos pela Universidade Federal de S\u00e3o Paulo (Unifesp), entre outros.<\/p>\n<p>\u2014 Sem d\u00favidas, as universidades p\u00fablicas det\u00eam capacidade t\u00e9cnica e operacional para a produ\u00e7\u00e3o, com custo extremamente menor que o do mercado, de equipamentos necess\u00e1rios ao enfrentamento do novo coronav\u00edrus. Entendemos, assim, que as iniciativas acima descritas devem ser incentivadas \u2014 disse o relator.<\/p>\n<h3>Mudan\u00e7as<\/h3>\n<p>Cid Gomes acolheu duas emendas propostas por parlamentares. A emenda 8, do senador Fabiano Contarato (Rede-ES), estabelece que a doa\u00e7\u00e3o de materiais e equipamentos seja feita preferencialmente a fam\u00edlias de baixa renda e a institui\u00e7\u00f5es p\u00fablicas e filantr\u00f3picas. Na justificativa da emenda, Contarato afirmou que assim a iniciativa cumprir\u00e1 um papel social ainda maior.<\/p>\n<p>Gomes tamb\u00e9m acolheu parcialmente a emenda 3, do senador Jaques Wagner (PT-BA). A mudan\u00e7a incluiu as institui\u00e7\u00f5es de pesquisa entre as autorizadas pelo projeto e autorizou a produ\u00e7\u00e3o de produtos, al\u00e9m dos equipamentos e materiais que j\u00e1 estavam no texto. Al\u00e9m disso acrescentou a possibilidade de utiliza\u00e7\u00e3o das tecnologias das institui\u00e7\u00f5es de ensino na produ\u00e7\u00e3o. Tamb\u00e9m estabeleceu que, se for necess\u00e1rio comprar insumos adicionais, isso deve ser feito com o or\u00e7amento discricion\u00e1rio (livre de restri\u00e7\u00f5es) da pr\u00f3pria institui\u00e7\u00e3o de ensino.<\/p>\n<p><em>(Fonte: G1)<\/em><\/p>\n","protected":false},"excerpt":{"rendered":"<p>O Senado aprovou nesta quinta-feira (28), em sess\u00e3o deliberativa remota, a participa\u00e7\u00e3o de institui\u00e7\u00f5es p\u00fablicas de ensino na produ\u00e7\u00e3o de equipamentos e materiais de combate \u00e0 covid-19, como respiradores, m\u00e1scaras e \u00e1lcool gel. A inten\u00e7\u00e3o \u00e9 contribuir para o emprego mais eficiente dos recursos p\u00fablicos no combate \u00e0 pandemia. O texto, aprovado por unanimidade, segue [&hellip;]<\/p>\n","protected":false},"author":1,"featured_media":31643,"comment_status":"closed","ping_status":"closed","sticky":false,"template":"","format":"standard","meta":{"footnotes":""},"categories":[79],"tags":[],"_links":{"self":[{"href":"https:\/\/www.anamt.org.br\/portal\/wp-json\/wp\/v2\/posts\/40580"}],"collection":[{"href":"https:\/\/www.anamt.org.br\/portal\/wp-json\/wp\/v2\/posts"}],"about":[{"href":"https:\/\/www.anamt.org.br\/portal\/wp-json\/wp\/v2\/types\/post"}],"author":[{"embeddable":true,"href":"https:\/\/www.anamt.org.br\/portal\/wp-json\/wp\/v2\/users\/1"}],"replies":[{"embeddable":true,"href":"https:\/\/www.anamt.org.br\/portal\/wp-json\/wp\/v2\/comments?post=40580"}],"version-history":[{"count":0,"href":"https:\/\/www.anamt.org.br\/portal\/wp-json\/wp\/v2\/posts\/40580\/revisions"}],"wp:featuredmedia":[{"embeddable":true,"href":"https:\/\/www.anamt.org.br\/portal\/wp-json\/wp\/v2\/media\/31643"}],"wp:attachment":[{"href":"https:\/\/www.anamt.org.br\/portal\/wp-json\/wp\/v2\/media?parent=40580"}],"wp:term":[{"taxonomy":"category","embeddable":true,"href":"https:\/\/www.anamt.org.br\/portal\/wp-json\/wp\/v2\/categories?post=40580"},{"taxonomy":"post_tag","embeddable":true,"href":"https:\/\/www.anamt.org.br\/portal\/wp-json\/wp\/v2\/tags?post=40580"}],"curies":[{"name":"wp","href":"https:\/\/api.w.org\/{rel}","templated":true}]}}