{"id":40499,"date":"2020-05-21T09:58:33","date_gmt":"2020-05-21T12:58:33","guid":{"rendered":"https:\/\/www.anamt.org.br\/portal\/?p=40499"},"modified":"2020-05-21T09:58:59","modified_gmt":"2020-05-21T12:58:59","slug":"carta-ao-medico-do-trabalho","status":"publish","type":"post","link":"https:\/\/www.anamt.org.br\/portal\/2020\/05\/21\/carta-ao-medico-do-trabalho\/","title":{"rendered":"Carta ao m\u00e9dico do trabalho"},"content":{"rendered":"<p>Ol\u00e1, eu sou Rosylane Rocha, m\u00e9dica do trabalho e atual Presidente da ANAMT!<\/p>\n<p>Hoje eu venho dizer a voc\u00ea, que \u00e9 medico(a) do trabalho ou que atua na Medicina do Trabalho porque abra\u00e7ou a especialidade com dedica\u00e7\u00e3o, que a Associa\u00e7\u00e3o Nacional De Medicina Do Trabalho \u2013 ANAMT est\u00e1 passando por um processo de transforma\u00e7\u00e3o, um verdadeiro processo para reinventar-se ap\u00f3s tantas mudan\u00e7as na Medicina, no mundo do trabalho, na legisla\u00e7\u00e3o e no mercado de trabalho para o m\u00e9dico.<\/p>\n<p>A moderniza\u00e7\u00e3o, a integra\u00e7\u00e3o da ANAMT e a defesa profissional s\u00e3o os pilares do trabalho da atual Diretoria, de forma a produzir e levar conhecimento para todo pa\u00eds e agir em defesa da especialidade.<\/p>\n<p><a href=\"https:\/\/www.anamt.org.br\/portal\/2020\/05\/14\/anamt-virtual-acesse-agora-nosso-ambiente-virtual-de-aprendizagem\/\">Apresentamos a ANAMT Virtual!<\/a> Nessa plataforma, o m\u00e9dico poder\u00e1 participar dos eventos em tempo real a partir de sua resid\u00eancia, do consult\u00f3rio ou de qualquer outro lugar que tenha acesso \u00e0 internet, ou poder\u00e1 faz\u00ea-lo em outro momento que lhe for mais oportuno. Estou falando de webin\u00e1rios com temas da nossa pr\u00e1tica di\u00e1ria, com dura\u00e7\u00e3o de 15 minutos de explana\u00e7\u00e3o e 45 minutos de debates; dos f\u00f3runs virtuais com mesas tem\u00e1ticas de manh\u00e3 e de tarde e do <a href=\"https:\/\/www.anamt.org.br\/portal\/2020\/04\/08\/anamt-tv-aborda-enfrentamento-da-pandemia-de-covid-19\/\">programa TV ANAMT, aberto a todos e ao vivo<\/a>, com temas atuais e convidados renomados para debates que permitem intera\u00e7\u00e3o com a audi\u00eancia. Temos ainda cursos na modalidade EAD e os <a href=\"https:\/\/www.anamt.org.br\/portal\/2020\/05\/18\/risco-perigo-podcast-anamt-aborda-aplicacao-dos-conceitos-na-medicina-do-trabalho\/\"><i>podcasts<\/i><\/a>, que podem ser ouvidos no caminho do trabalho, durante a caminhada ou ainda, se for da prefer\u00eancia do m\u00e9dico, poder\u00e1 ler o texto no site da ANAMT.<\/p>\n<p>Tudo isto com pre\u00e7o diferenciado ou, em alguns casos, gratuito para os associados. Assim que retomarmos a normalidade p\u00f3s-pandemia, realizaremos o maior evento da Medicina do Trabalho, o <a href=\"https:\/\/congresso.anamt.org.br\/\" target=\"_blank\" rel=\"noopener\">18\u00ba Congresso da ANAMT<\/a>. Os eventos virtuais s\u00e3o necess\u00e1rios, mas as rela\u00e7\u00f5es humanas ainda s\u00e3o imprescind\u00edveis, portanto, n\u00e3o deixaremos de realizar o grande e esperado encontro f\u00edsico!<\/p>\n<p>Estamos cientes da realidade das in\u00fameras condutas depreciativas por parte de pessoas que exercem a Medicina como com\u00e9rcio, fazendo concorr\u00eancia desleal e vilipendiando a nossa especialidade, afrontando assim os princ\u00edpios hipocr\u00e1ticos. A Diretora de \u00c9tica e Defesa Profissional da ANAMT, juntamente com os demais Diretores e o Conselho Deliberativo, tem trabalhado com afinco na constru\u00e7\u00e3o de um projeto de a\u00e7\u00f5es coordenadas e cont\u00ednuas cujo objetivo \u00e9 combater tais discrep\u00e2ncias.<\/p>\n<p><a href=\"https:\/\/www.anamt.org.br\/portal\/2020\/05\/05\/regularize-sua-anuidade-com-a-anamt-e-desfrute-de-beneficios-unicos\/\">A campanha de regulariza\u00e7\u00e3o das anuidades em aberto,<\/a> destinada \u00e0queles que desejam retornar \u00e0 ANAMT mas est\u00e3o com dificuldades devido ao custo financeiro, \u00e9 uma a\u00e7\u00e3o para facilitar a quita\u00e7\u00e3o e o retorno de alguns milhares de associados que nos \u00faltimos anos se afastaram da nossa Associa\u00e7\u00e3o.<\/p>\n<p>A crise financeira tem dificultado aos Residentes e P\u00f3s-graduandos se associarem \u00e0 ANAMT, assim reduzimos 50% do valor da anuidade e ser\u00e1 proporcional aos meses que restam para o final de 2020.<\/p>\n<p>Celebramos<a href=\"https:\/\/www.anamt.org.br\/portal\/2020\/04\/24\/cashback-anamt-realiza-programa-anuidade-zero\/\"> uma parceria com a empresa Cofry <\/a><i>Cashback,<\/i> que tem diversas empresas de e-commerce oferecendo produtos e servi\u00e7os para aquisi\u00e7\u00e3o dos m\u00e9dicos associados interessados. As compras realizadas geram descontos percentuais que se somam e, ao final, representam um abatimento no valor da anuidade. A parceria estar\u00e1 funcionando em breve, e voc\u00ea j\u00e1 pode conferir o funcionamento no site da ANAMT.<\/p>\n<p>Por fim, queremos convidar os associados afastados a voltarem para a nossa Associa\u00e7\u00e3o e os m\u00e9dicos que ainda n\u00e3o se associaram a fazer parte da ANAMT. Precisamos de todos para juntos trabalharmos pelo engrandecimento da nossa especialidade.<\/p>\n<p>Eu estou ao dispor de todos voc\u00eas!<\/p>\n<p>J\u00e1 ia esquecendo&#8230; Por favor, acompanhem nossas redes sociais: <a href=\"https:\/\/www.facebook.com\/anamt.org.br\" target=\"_blank\" rel=\"noopener\">Facebook (@staging.anamt.org.br)<\/a>, <a href=\"https:\/\/www.instagram.com\/anamt_brasil\/\" target=\"_blank\" rel=\"noopener\">Instagram (@anamt_brasil)<\/a>, <a href=\"https:\/\/twitter.com\/anamt_brasil\" target=\"_blank\" rel=\"noopener\">Twitter (@anamt_brasil)<\/a> e, claro, nosso site!<\/p>\n<p>Abra\u00e7o fraterno,<\/p>\n<p><img decoding=\"async\" class=\"wp-image-39880 size-full alignleft\" src=\"https:\/\/www.anamt.org.br\/portal\/wp-content\/uploads\/2020\/03\/coluna_da_presidente_assinatura_133x200_v2.jpg\" alt=\"\" width=\"133\" height=\"200\" \/><\/p>\n<p><strong>Dra. Rosylane Merc\u00eas Rocha<br \/>\n<\/strong><strong>Presidente da ANAMT (2019-2022)<\/strong><\/p>\n","protected":false},"excerpt":{"rendered":"<p>Ol\u00e1, eu sou Rosylane Rocha, m\u00e9dica do trabalho e atual Presidente da ANAMT! Hoje eu venho dizer a voc\u00ea, que \u00e9 medico(a) do trabalho ou que atua na Medicina do Trabalho porque abra\u00e7ou a especialidade com dedica\u00e7\u00e3o, que a Associa\u00e7\u00e3o Nacional De Medicina Do Trabalho \u2013 ANAMT est\u00e1 passando por um processo de transforma\u00e7\u00e3o, um [&hellip;]<\/p>\n","protected":false},"author":1,"featured_media":39051,"comment_status":"closed","ping_status":"closed","sticky":false,"template":"","format":"standard","meta":{"footnotes":""},"categories":[86],"tags":[],"_links":{"self":[{"href":"https:\/\/www.anamt.org.br\/portal\/wp-json\/wp\/v2\/posts\/40499"}],"collection":[{"href":"https:\/\/www.anamt.org.br\/portal\/wp-json\/wp\/v2\/posts"}],"about":[{"href":"https:\/\/www.anamt.org.br\/portal\/wp-json\/wp\/v2\/types\/post"}],"author":[{"embeddable":true,"href":"https:\/\/www.anamt.org.br\/portal\/wp-json\/wp\/v2\/users\/1"}],"replies":[{"embeddable":true,"href":"https:\/\/www.anamt.org.br\/portal\/wp-json\/wp\/v2\/comments?post=40499"}],"version-history":[{"count":0,"href":"https:\/\/www.anamt.org.br\/portal\/wp-json\/wp\/v2\/posts\/40499\/revisions"}],"wp:featuredmedia":[{"embeddable":true,"href":"https:\/\/www.anamt.org.br\/portal\/wp-json\/wp\/v2\/media\/39051"}],"wp:attachment":[{"href":"https:\/\/www.anamt.org.br\/portal\/wp-json\/wp\/v2\/media?parent=40499"}],"wp:term":[{"taxonomy":"category","embeddable":true,"href":"https:\/\/www.anamt.org.br\/portal\/wp-json\/wp\/v2\/categories?post=40499"},{"taxonomy":"post_tag","embeddable":true,"href":"https:\/\/www.anamt.org.br\/portal\/wp-json\/wp\/v2\/tags?post=40499"}],"curies":[{"name":"wp","href":"https:\/\/api.w.org\/{rel}","templated":true}]}}