{"id":40331,"date":"2020-05-11T15:54:32","date_gmt":"2020-05-11T18:54:32","guid":{"rendered":"https:\/\/www.anamt.org.br\/portal\/?p=40331"},"modified":"2020-05-13T17:10:25","modified_gmt":"2020-05-13T20:10:25","slug":"portaria-no-11-347-sobre-equipamentos-de-protecao-individual-e-certificado-de-aprovacao","status":"publish","type":"post","link":"https:\/\/www.anamt.org.br\/portal\/2020\/05\/11\/portaria-no-11-347-sobre-equipamentos-de-protecao-individual-e-certificado-de-aprovacao\/","title":{"rendered":"Fundacentro: Portaria n\u00ba 11.347 sobre EPI e Certificado de Aprova\u00e7\u00e3o"},"content":{"rendered":"<p>A Portaria n\u00ba 11.347, de 6 de maio de 2020, estabelece os procedimentos e os requisitos t\u00e9cnicos para avalia\u00e7\u00e3o de Equipamentos de Prote\u00e7\u00e3o Individual &#8211; EPI e emiss\u00e3o, renova\u00e7\u00e3o ou altera\u00e7\u00e3o de Certificado de Aprova\u00e7\u00e3o &#8211; CA e d\u00e1 outras provid\u00eancias. O texto foi publicado hoje, 8 de maio, no Di\u00e1rio Oficial da Uni\u00e3o, na Se\u00e7\u00e3o 1, pelo Minist\u00e9rio da Economia\/Secretaria Especial de Previd\u00eancia e Trabalho. Para fins desta Portaria, consideram-se EPIs aqueles elencados na Norma Regulamentadora &#8211; NR n\u00ba 06.<\/p>\n<p>Em rela\u00e7\u00e3o \u00e0 Avalia\u00e7\u00e3o de Equipamento de Prote\u00e7\u00e3o Individual, o Art. 2\u00b0 destaca que o EPI deve ser concebido e avaliado segundo os requisitos t\u00e9cnicos estipulados nos Anexos:<\/p>\n<p>I \u2013 Requisitos t\u00e9cnicos, documentais e de marca\u00e7\u00e3o para avalia\u00e7\u00e3o de Equipamento de Prote\u00e7\u00e3o Individual \u2013 EPI;<\/p>\n<p>II \u2013 Regulamento t\u00e9cnico que estabelece os requisitos m\u00ednimos de identidade e qualidade para luvas de borracha natural, borracha sint\u00e9tica, mistura de borrachas natural e sint\u00e9tica, e de policloreto de vinila, para prote\u00e7\u00e3o contra agentes biol\u00f3gicos, n\u00e3o sujeitas ao regime de vigil\u00e2ncia sanit\u00e1ria;<\/p>\n<p>III \u2013 Regulamento t\u00e9cnico que estabelece os requisitos m\u00ednimos de identidade e desempenho aplic\u00e1vel a luvas de seguran\u00e7a utilizadas na atividade de corte manual de cana-de-a\u00e7\u00facar.<\/p>\n<p>Segundo a Portaria, o Certificado de Aprova\u00e7\u00e3o (CA) dever\u00e1 ser solicitado por pessoa jur\u00eddica constitu\u00edda segunda as leis brasileiras, de forma que, em qualquer caso, possa ser responsabilizar pelo equipamento a ser comercializado no territ\u00f3rio nacional.<\/p>\n<p>O fabricante e o importador do Equipamento de Prote\u00e7\u00e3o Individual \u2013 EPI s\u00e3o respons\u00e1veis por comprovar a efic\u00e1cia da prote\u00e7\u00e3o do equipamento, previamente \u00e0 sua comercializa\u00e7\u00e3o no territ\u00f3rio nacional, em conformidade com as exig\u00eancias da Portaria 11.347\/2020.<\/p>\n<p>J\u00e1 os certificados de conformidade e os relat\u00f3rios de ensaio que comprovem a efic\u00e1cia da prote\u00e7\u00e3o do Equipamento de Prote\u00e7\u00e3o Individual devem ser emitidos em nome do fabricante nacional ou importador.<\/p>\n<p>Como medida extraordin\u00e1ria e tempor\u00e1ria para o enfretamento da emerg\u00eancia de sa\u00fade p\u00fablica decorrente do coronav\u00edrus (Covid-19), os EPIs classificados como Respirador Purificador de Ar do tipo pe\u00e7a um quarto facial ou semifacial, com filtro para material particulado P2 ou P3, ou do tipo pe\u00e7a facial inteira, com filtro para material particulado P3, ou ainda quaisquer dessas pe\u00e7as faciais com filtro combinado (P2 ou P3 e filtro qu\u00edmico), cujos CAs tenham vencido no per\u00edodo de 1\u00ba de janeiro de 2018 at\u00e9 a data de publica\u00e7\u00e3o desta Portaria e que, porventura, ainda n\u00e3o possuam novos ensaios atualizados de avalia\u00e7\u00e3o poder\u00e3o ser comercializados mediante a apresenta\u00e7\u00e3o do relat\u00f3rio de ensaio constante do CA.<\/p>\n<p><a href=\"https:\/\/email.fundacentro.gov.br\/owa\/redir.aspx?REF=vWmqmlqMgT1rzp9CtOk_Zbox0sXHogdjhLKuplraBklAlwZyjvPXCAFodHRwOi8vd3d3LmluLmdvdi5ici9lbi93ZWIvZG91Ly0vcG9ydGFyaWEtbi0xMS4zNDctZGUtNi1kZS1tYWlvLWRlLTIwMjAtMjU1OTQxNzExP2luaGVyaXRSZWRpcmVjdD10cnVlJnJlZGlyZWN0PSUyRndlYiUyRmd1ZXN0JTJGc2VhcmNoJTNGc2VjYW8lM0Rkb3UxJTI2ZGF0YSUzRDA4LTA1LTIwMjAlMjZxU2VhcmNoJTNEUE9SVEFSSUElMjUyME4lMjVDMiUyNUJBJTI1MjAxMS4zNDclMjUyQyUyNTIwREUlMjUyMDYlMjUyMERFJTI1MjBNQUlPJTI1MjBERSUyNTIwMjAyMA..\" target=\"_blank\" rel=\"noopener\" data-saferedirecturl=\"https:\/\/www.google.com\/url?q=https:\/\/email.fundacentro.gov.br\/owa\/redir.aspx?REF%3DvWmqmlqMgT1rzp9CtOk_Zbox0sXHogdjhLKuplraBklAlwZyjvPXCAFodHRwOi8vd3d3LmluLmdvdi5ici9lbi93ZWIvZG91Ly0vcG9ydGFyaWEtbi0xMS4zNDctZGUtNi1kZS1tYWlvLWRlLTIwMjAtMjU1OTQxNzExP2luaGVyaXRSZWRpcmVjdD10cnVlJnJlZGlyZWN0PSUyRndlYiUyRmd1ZXN0JTJGc2VhcmNoJTNGc2VjYW8lM0Rkb3UxJTI2ZGF0YSUzRDA4LTA1LTIwMjAlMjZxU2VhcmNoJTNEUE9SVEFSSUElMjUyME4lMjVDMiUyNUJBJTI1MjAxMS4zNDclMjUyQyUyNTIwREUlMjUyMDYlMjUyMERFJTI1MjBNQUlPJTI1MjBERSUyNTIwMjAyMA..&amp;source=gmail&amp;ust=1589301790239000&amp;usg=AFQjCNHXgvtoOTDFcsDHGR2tv1IF2w66ig\">Leia a Portaria na \u00edntegra<\/a><\/p>\n<p><em>(Fonte: Fundacentro)<\/em><\/p>\n","protected":false},"excerpt":{"rendered":"<p>A Portaria n\u00ba 11.347, de 6 de maio de 2020, estabelece os procedimentos e os requisitos t\u00e9cnicos para avalia\u00e7\u00e3o de Equipamentos de Prote\u00e7\u00e3o Individual &#8211; EPI e emiss\u00e3o, renova\u00e7\u00e3o ou altera\u00e7\u00e3o de Certificado de Aprova\u00e7\u00e3o &#8211; CA e d\u00e1 outras provid\u00eancias. O texto foi publicado hoje, 8 de maio, no Di\u00e1rio Oficial da Uni\u00e3o, na [&hellip;]<\/p>\n","protected":false},"author":1,"featured_media":31602,"comment_status":"closed","ping_status":"closed","sticky":false,"template":"","format":"standard","meta":{"footnotes":""},"categories":[79],"tags":[],"_links":{"self":[{"href":"https:\/\/www.anamt.org.br\/portal\/wp-json\/wp\/v2\/posts\/40331"}],"collection":[{"href":"https:\/\/www.anamt.org.br\/portal\/wp-json\/wp\/v2\/posts"}],"about":[{"href":"https:\/\/www.anamt.org.br\/portal\/wp-json\/wp\/v2\/types\/post"}],"author":[{"embeddable":true,"href":"https:\/\/www.anamt.org.br\/portal\/wp-json\/wp\/v2\/users\/1"}],"replies":[{"embeddable":true,"href":"https:\/\/www.anamt.org.br\/portal\/wp-json\/wp\/v2\/comments?post=40331"}],"version-history":[{"count":0,"href":"https:\/\/www.anamt.org.br\/portal\/wp-json\/wp\/v2\/posts\/40331\/revisions"}],"wp:featuredmedia":[{"embeddable":true,"href":"https:\/\/www.anamt.org.br\/portal\/wp-json\/wp\/v2\/media\/31602"}],"wp:attachment":[{"href":"https:\/\/www.anamt.org.br\/portal\/wp-json\/wp\/v2\/media?parent=40331"}],"wp:term":[{"taxonomy":"category","embeddable":true,"href":"https:\/\/www.anamt.org.br\/portal\/wp-json\/wp\/v2\/categories?post=40331"},{"taxonomy":"post_tag","embeddable":true,"href":"https:\/\/www.anamt.org.br\/portal\/wp-json\/wp\/v2\/tags?post=40331"}],"curies":[{"name":"wp","href":"https:\/\/api.w.org\/{rel}","templated":true}]}}