{"id":40290,"date":"2020-05-04T16:35:52","date_gmt":"2020-05-04T19:35:52","guid":{"rendered":"https:\/\/www.anamt.org.br\/portal\/?p=40290"},"modified":"2020-05-04T16:37:44","modified_gmt":"2020-05-04T19:37:44","slug":"entidades-reforcam-recomendacao-nao-se-pode-fazer-telepericia-sem-exame-fisico","status":"publish","type":"post","link":"https:\/\/www.anamt.org.br\/portal\/2020\/05\/04\/entidades-reforcam-recomendacao-nao-se-pode-fazer-telepericia-sem-exame-fisico\/","title":{"rendered":"Entidades refor\u00e7am: n\u00e3o se pode fazer teleper\u00edcia sem exame f\u00edsico"},"content":{"rendered":"<p>A recomenda\u00e7\u00e3o veemente para que m\u00e9dicos n\u00e3o realizem teleper\u00edcia sem examinar o periciado foi refor\u00e7ada nesta quinta-feira (30) em nota t\u00e9cnica conjunta, assinada pelo Conselho Federal de Medicina (CFM), Associa\u00e7\u00e3o M\u00e9dica Brasileira (AMB), Associa\u00e7\u00e3o Brasileira de Medicina Legal e Per\u00edcia M\u00e9dica (ABMLPM) e Associa\u00e7\u00e3o Nacional de Medicina do Trabalho (Anamt).<\/p>\n<p><a href=\"http:\/\/portal.cfm.org.br\/images\/stories\/pdf\/nota-telepercia-cfm-anamt-amb-abmlpm.pdf\" target=\"_blank\" rel=\"noopener\">Leia aqui a nota na \u00edntegra<\/a><\/p>\n<p>A nota t\u00e9cnica destacou que \u201csob pena de viola\u00e7\u00e3o dos preceitos \u00e9ticos e t\u00e9cnicos mundiais e de causar preju\u00edzos insan\u00e1veis \u00e0s partes envolvidas e ao pr\u00f3prio judici\u00e1rio, a per\u00edcia m\u00e9dica &#8211; quando o objeto de estudo \u00e9 o ser humano &#8211; n\u00e3o poder\u00e1 ser realizada sem o exame direto ao periciando, sob nenhuma hip\u00f3tese\u201d.<\/p>\n<p>O texto esclarece ainda que se admite o uso de recursos de Telemedicina, somente \u201cem junta m\u00e9dica pericial quando de um lado est\u00e1 o m\u00e9dico perito a realizar o exame f\u00edsico no periciando e, \u00e0 dist\u00e2ncia, acompanham todo ato pericial os outros m\u00e9dicos peritos, sendo que juntos assinam o Laudo Pericial\u201d.<\/p>\n<p>Parecer &#8211; O CFM j\u00e1 havia divulgado parecer indicando que a utiliza\u00e7\u00e3o de recurso tecnol\u00f3gico por m\u00e9dico perito judicial, sem exame direto no periciado, afronta o C\u00f3digo de \u00c9tica M\u00e9dica (CEM) e demais normativas da autarquia. Agora, juntamente com as outras entidades m\u00e9dicas, o tema foi novamente tratado para eliminar qualquer d\u00favida com rela\u00e7\u00e3o \u00e0 Lei n\u00ba 13.989\/2020, vigente enquanto durar o estado de Emerg\u00eancia em Sa\u00fade P\u00fablica, sobre telemedicina.<\/p>\n<p><a href=\"https:\/\/sistemas.cfm.org.br\/normas\/visualizar\/pareceres\/BR\/2020\/3\" target=\"_blank\" rel=\"noopener\">Acesse aqui o Parecer do CFM<\/a><\/p>\n<p>A referida norma disp\u00f4s em seu Art. 3\u00ba que a Telemedicina \u00e9 o exerc\u00edcio da medicina por tecnologias para fins de assist\u00eancia, pesquisa, preven\u00e7\u00e3o de doen\u00e7as e les\u00f5es e, promo\u00e7\u00e3o de sa\u00fade, n\u00e3o englobando, portanto, a per\u00edcia m\u00e9dica em qualquer de seus \u00e2mbitos.<\/p>\n<p>(<em>Fonte: Conselho Federal de Medicina<\/em>)<\/p>\n","protected":false},"excerpt":{"rendered":"<p>A recomenda\u00e7\u00e3o veemente para que m\u00e9dicos n\u00e3o realizem teleper\u00edcia sem examinar o periciado foi refor\u00e7ada nesta quinta-feira (30) em nota t\u00e9cnica conjunta, assinada pelo Conselho Federal de Medicina (CFM), Associa\u00e7\u00e3o M\u00e9dica Brasileira (AMB), Associa\u00e7\u00e3o Brasileira de Medicina Legal e Per\u00edcia M\u00e9dica (ABMLPM) e Associa\u00e7\u00e3o Nacional de Medicina do Trabalho (Anamt). Leia aqui a nota na [&hellip;]<\/p>\n","protected":false},"author":1,"featured_media":40291,"comment_status":"closed","ping_status":"closed","sticky":false,"template":"","format":"standard","meta":{"footnotes":""},"categories":[79],"tags":[],"_links":{"self":[{"href":"https:\/\/www.anamt.org.br\/portal\/wp-json\/wp\/v2\/posts\/40290"}],"collection":[{"href":"https:\/\/www.anamt.org.br\/portal\/wp-json\/wp\/v2\/posts"}],"about":[{"href":"https:\/\/www.anamt.org.br\/portal\/wp-json\/wp\/v2\/types\/post"}],"author":[{"embeddable":true,"href":"https:\/\/www.anamt.org.br\/portal\/wp-json\/wp\/v2\/users\/1"}],"replies":[{"embeddable":true,"href":"https:\/\/www.anamt.org.br\/portal\/wp-json\/wp\/v2\/comments?post=40290"}],"version-history":[{"count":0,"href":"https:\/\/www.anamt.org.br\/portal\/wp-json\/wp\/v2\/posts\/40290\/revisions"}],"wp:featuredmedia":[{"embeddable":true,"href":"https:\/\/www.anamt.org.br\/portal\/wp-json\/wp\/v2\/media\/40291"}],"wp:attachment":[{"href":"https:\/\/www.anamt.org.br\/portal\/wp-json\/wp\/v2\/media?parent=40290"}],"wp:term":[{"taxonomy":"category","embeddable":true,"href":"https:\/\/www.anamt.org.br\/portal\/wp-json\/wp\/v2\/categories?post=40290"},{"taxonomy":"post_tag","embeddable":true,"href":"https:\/\/www.anamt.org.br\/portal\/wp-json\/wp\/v2\/tags?post=40290"}],"curies":[{"name":"wp","href":"https:\/\/api.w.org\/{rel}","templated":true}]}}