{"id":40221,"date":"2020-04-20T17:14:01","date_gmt":"2020-04-20T20:14:01","guid":{"rendered":"https:\/\/www.anamt.org.br\/portal\/?p=40221"},"modified":"2020-04-20T17:14:01","modified_gmt":"2020-04-20T20:14:01","slug":"anamt-virtual-primeiro-webinario-abordara-lideranca-para-medicos-do-trabalho","status":"publish","type":"post","link":"https:\/\/www.anamt.org.br\/portal\/2020\/04\/20\/anamt-virtual-primeiro-webinario-abordara-lideranca-para-medicos-do-trabalho\/","title":{"rendered":"ANAMT Virtual: primeiro webin\u00e1rio abordar\u00e1 lideran\u00e7a para m\u00e9dicos do trabalho"},"content":{"rendered":"<p>A ANAMT est\u00e1 lan\u00e7ando um novo produto que vai proporcionar atualiza\u00e7\u00e3o profissional e educa\u00e7\u00e3o continuada a dist\u00e2ncia para seus associados.\u00a0 A plataforma <em>ANAMT Virtual<\/em> reunir\u00e1 uma s\u00e9rie de webin\u00e1rios, f\u00f3runs, cursos e estudos de caso sobre os mais diversos assuntos de interesse dos m\u00e9dicos do trabalho. Esta \u00e9 uma iniciativa da Associa\u00e7\u00e3o para continuar proporcionando conte\u00fado cient\u00edfico de qualidade a seus associados neste cen\u00e1rio de isolamento social devido \u00e0 pandemia de COVID-19.<\/p>\n<p>O primeiro Webin\u00e1rio ANAMT ser\u00e1 gratuito e aberto ao p\u00fablico. J\u00e1 os demais eventos ser\u00e3o exclusivos para associados e para pessoas com inscri\u00e7\u00e3o realizada no 18\u00ba Congresso Nacional da ANAMT.\u00a0Na pr\u00f3xima ter\u00e7a-feira (21), Dr. Ruddy Facci &#8211; duas vezes premiado como l\u00edder de Sa\u00fade Ocupacional da Am\u00e9rica Latina pela ALSO &#8211; vai abordar o tema &#8220;Desenvolvimento da Compet\u00eancia de Lideran\u00e7a para o M\u00e9dico do Trabalho&#8221;. A reuni\u00e3o ocorrer\u00e1 atrav\u00e9s do aplicativo Zoom (veja abaixo como participar).<\/p>\n<h3>1\u00ba Webin\u00e1rio ANAMT<\/h3>\n<p><strong>Tema:\u00a0<\/strong>Desenvolvimento da Compet\u00eancia de Lideran\u00e7a para o M\u00e9dico do Trabalho<br \/>\n<strong>Palestrante:\u00a0<\/strong>Dr. Ruddy Facci, m\u00e9dico do trabalho duas vezes premiado como l\u00edder de Sa\u00fade Ocupacional da Am\u00e9rica Latina pela ALSO<br \/>\n<strong>Como participar:<\/strong> Baixe gratuitamente o aplicativo Zoom <strong><a href=\"https:\/\/bit.ly\/2ykZCaa\" target=\"_blank\" rel=\"noopener\">neste link. <\/a><\/strong>Em seguida, insira o ID da reuni\u00e3o (920-1803-2857) e a senha (515210).\u00a0Para uma melhor conex\u00e3o, recomenda-se o acesso dez minutos antes do in\u00edcio da transmiss\u00e3o.<\/p>\n","protected":false},"excerpt":{"rendered":"<p>A ANAMT est\u00e1 lan\u00e7ando um novo produto que vai proporcionar atualiza\u00e7\u00e3o profissional e educa\u00e7\u00e3o continuada a dist\u00e2ncia para seus associados.\u00a0 A plataforma ANAMT Virtual reunir\u00e1 uma s\u00e9rie de webin\u00e1rios, f\u00f3runs, cursos e estudos de caso sobre os mais diversos assuntos de interesse dos m\u00e9dicos do trabalho. Esta \u00e9 uma iniciativa da Associa\u00e7\u00e3o para continuar proporcionando [&hellip;]<\/p>\n","protected":false},"author":1,"featured_media":40227,"comment_status":"closed","ping_status":"closed","sticky":false,"template":"","format":"standard","meta":{"footnotes":""},"categories":[77],"tags":[],"_links":{"self":[{"href":"https:\/\/www.anamt.org.br\/portal\/wp-json\/wp\/v2\/posts\/40221"}],"collection":[{"href":"https:\/\/www.anamt.org.br\/portal\/wp-json\/wp\/v2\/posts"}],"about":[{"href":"https:\/\/www.anamt.org.br\/portal\/wp-json\/wp\/v2\/types\/post"}],"author":[{"embeddable":true,"href":"https:\/\/www.anamt.org.br\/portal\/wp-json\/wp\/v2\/users\/1"}],"replies":[{"embeddable":true,"href":"https:\/\/www.anamt.org.br\/portal\/wp-json\/wp\/v2\/comments?post=40221"}],"version-history":[{"count":0,"href":"https:\/\/www.anamt.org.br\/portal\/wp-json\/wp\/v2\/posts\/40221\/revisions"}],"wp:featuredmedia":[{"embeddable":true,"href":"https:\/\/www.anamt.org.br\/portal\/wp-json\/wp\/v2\/media\/40227"}],"wp:attachment":[{"href":"https:\/\/www.anamt.org.br\/portal\/wp-json\/wp\/v2\/media?parent=40221"}],"wp:term":[{"taxonomy":"category","embeddable":true,"href":"https:\/\/www.anamt.org.br\/portal\/wp-json\/wp\/v2\/categories?post=40221"},{"taxonomy":"post_tag","embeddable":true,"href":"https:\/\/www.anamt.org.br\/portal\/wp-json\/wp\/v2\/tags?post=40221"}],"curies":[{"name":"wp","href":"https:\/\/api.w.org\/{rel}","templated":true}]}}