{"id":40213,"date":"2020-04-17T13:54:38","date_gmt":"2020-04-17T16:54:38","guid":{"rendered":"https:\/\/www.anamt.org.br\/portal\/?p=40213"},"modified":"2020-04-17T13:54:38","modified_gmt":"2020-04-17T16:54:38","slug":"enfermagem-brasil-tem-30-mortes-de-profissionais-por-coronavirus-e-mais-de-4-mil-afastados","status":"publish","type":"post","link":"https:\/\/www.anamt.org.br\/portal\/2020\/04\/17\/enfermagem-brasil-tem-30-mortes-de-profissionais-por-coronavirus-e-mais-de-4-mil-afastados\/","title":{"rendered":"Enfermagem: Brasil tem 30 mortes de profissionais por coronav\u00edrus e mais de 4 mil afastados"},"content":{"rendered":"<p data-track-category=\"Link no Texto\" data-track-links=\"\">O Brasil registrava ao menos <strong>30 mortes de profissionais de enfermagem<\/strong> causadas pela Covid-19 at\u00e9 esta quarta-feira (15), de acordo com balan\u00e7o do Conselho Federal de Enfermagem (Cofen). O levantamento retrata o impacto das infec\u00e7\u00f5es do novo coronav\u00edrus entre enfermeiros, t\u00e9cnicos e assistentes.<\/p>\n<div>\n<p data-track-category=\"Link no Texto\" data-track-links=\"\"><strong>Outros 4 mil profissionais est\u00e3o afastados pela doen\u00e7a, <\/strong>sendo<strong> 552 com diagn\u00f3stico confirmado<\/strong> e mais de <strong>3,5 mil em investiga\u00e7\u00e3o<\/strong>. Ao todo, j\u00e1 s\u00e3o mais de <strong>4,8 mil den\u00fancias<\/strong> por falta de equipamentos de prote\u00e7\u00e3o individual (EPIs) para trabalhar, de acordo com o Cofen (Cofen).<\/p>\n<p data-track-category=\"Link no Texto\" data-track-links=\"\">Os n\u00fameros chamam a aten\u00e7\u00e3o pela <strong>escalada de casos reportados<\/strong> por enfermeiros respons\u00e1veis ou coordenadores das \u00e1reas de atendimento. Em 5 de abril, eram 230 casos suspeitos ou confirmados. Dez dias depois, o n\u00famero saltou para 4.089 \u2013 quase 18 vezes mais.<\/p>\n<div data-block-type=\"raw\" data-block-weight=\"68\" data-block-id=\"5\">\n<blockquote><p>&#8220;Os dados refletem o avan\u00e7o da pandemia e t\u00eam nos preocupado muito. O maior problema hoje na enfermagem \u00e9 a falta de equipamento de prote\u00e7\u00e3o individual (EPI). H\u00e1 den\u00fancias de re\u00faso de m\u00e1scara N95 e outras que s\u00e3o feitas com material duvidoso. Se a pandemia avan\u00e7a e n\u00e3o temos EPI, a tend\u00eancia \u00e9 ter um maior n\u00famero de profissionais contaminados e mais afastamentos&#8221;, afirma Gilney Guerra, conselheiro federal.<\/p><\/blockquote>\n<\/div>\n<div data-block-type=\"backstage-photo\" data-block-id=\"6\">\n<div>\n<div data-min-size=\"1008x878\" data-min-size-url=\"https:\/\/s2.glbimg.com\/L5OqG2FNjCtEqZ0-Diql4p_JCqY=\/0x0:1524x1328\/1008x0\/smart\/filters:strip_icc()\/i.s3.glbimg.com\/v1\/AUTH_59edd422c0c84a879bd37670ae4f538a\/internal_photos\/bs\/2020\/M\/0\/LmimdNTBmGGLlFjAeERQ\/w4emf-casos-de-coronav-rus-entre-profissionais-de-enfermagem-no-brasil.png\" data-max-size=\"1600x1394\" data-max-size-url=\"https:\/\/s2.glbimg.com\/iSqOP_s2ke6si_6yR7I2-K0Sih4=\/0x0:1524x1328\/1600x0\/smart\/filters:strip_icc()\/i.s3.glbimg.com\/v1\/AUTH_59edd422c0c84a879bd37670ae4f538a\/internal_photos\/bs\/2020\/M\/0\/LmimdNTBmGGLlFjAeERQ\/w4emf-casos-de-coronav-rus-entre-profissionais-de-enfermagem-no-brasil.png\" data-media-index=\"0\">\n<p><img decoding=\"async\" class=\"aligncenter\" title=\"Coronav\u00edrus e profissionais da enfermagem: dados do Cofen apontam crescimento de casos \u2014 Foto: Elida Oliveira\/G1\" src=\"https:\/\/s2.glbimg.com\/3ZSJFTPtf6WTmeDZ8eizWeSSBbs=\/0x0:1524x1328\/984x0\/smart\/filters:strip_icc()\/i.s3.glbimg.com\/v1\/AUTH_59edd422c0c84a879bd37670ae4f538a\/internal_photos\/bs\/2020\/M\/0\/LmimdNTBmGGLlFjAeERQ\/w4emf-casos-de-coronav-rus-entre-profissionais-de-enfermagem-no-brasil.png\" alt=\"Coronav\u00edrus e profissionais da enfermagem: dados do Cofen apontam crescimento de casos \u2014 Foto: Elida Oliveira\/G1\" data-src=\"https:\/\/s2.glbimg.com\/3ZSJFTPtf6WTmeDZ8eizWeSSBbs=\/0x0:1524x1328\/984x0\/smart\/filters:strip_icc()\/i.s3.glbimg.com\/v1\/AUTH_59edd422c0c84a879bd37670ae4f538a\/internal_photos\/bs\/2020\/M\/0\/LmimdNTBmGGLlFjAeERQ\/w4emf-casos-de-coronav-rus-entre-profissionais-de-enfermagem-no-brasil.png\" \/><\/p>\n<div data-block-type=\"backstage-photo\" data-block-id=\"6\">\n<div>\n<p style=\"text-align: center;\"><em>Coronav\u00edrus e profissionais da enfermagem: dados do Cofen apontam crescimento de casos \u2014 Foto: Elida Oliveira\/G1<\/em><\/p>\n<\/div>\n<\/div>\n<div data-block-type=\"raw\" data-block-weight=\"5\" data-block-id=\"8\">\n<h3>Den\u00fancias de falta de EPIs<\/h3>\n<\/div>\n<p data-track-category=\"Link no Texto\" data-track-links=\"\">Segundo Guerra, os profissionais de enfermagem est\u00e3o na linha de frente no atendimento aos pacientes com coronav\u00edrus. Ao todo, h\u00e1 2.263.132 profissionais de enfermagem registrados nos conselhos da profiss\u00e3o em todo o pa\u00eds, segundo o Cofen.<\/p>\n<p data-track-category=\"Link no Texto\" data-track-links=\"\">Guerra cita que, em tempos de pandemia, segue-se uma resolu\u00e7\u00e3o da Anvisa que determina um t\u00e9cnico de enfermagem para cada dois leitos de UTI e um enfermeiro para cada 10 leitos. S\u00e3o eles que monitoram os equipamentos de ventila\u00e7\u00e3o mec\u00e2nica para ajudar os casos graves da doen\u00e7a e administram os medicamentos.<\/p>\n<p data-track-category=\"Link no Texto\" data-track-links=\"\">Nem sempre, de acordo com Guerra, esses profissionais fazem o trabalho com a seguran\u00e7a necess\u00e1ria. De 13 de mar\u00e7o a 16 de abril, o Cofen registrou <strong>4.806 den\u00fancias<\/strong> de falta de equipamentos de prote\u00e7\u00e3o individual, proibi\u00e7\u00e3o do uso do material existente na institui\u00e7\u00e3o, pedidos para que os profissionais adquiram seus pr\u00f3prios materiais de seguran\u00e7a e tamb\u00e9m para que reutilizem materiais descart\u00e1veis.<\/p>\n<p data-track-category=\"Link no Texto\" data-track-links=\"\">&#8220;Fala-se muito que os profissionais de sa\u00fade s\u00e3o her\u00f3is, mas \u00e9 preciso lembrar que o her\u00f3i adoece, precisa de EPI para trabalhar, e precisa ser respeitado nas suas limita\u00e7\u00f5es&#8221;, afirma Guerra.<\/p>\n<p data-track-category=\"Link no Texto\" data-track-links=\"\">De acordo com o Minist\u00e9rio da Sa\u00fade, o problema est\u00e1 no fornecimento dos produtos. Cerca de 90% dos materiais s\u00e3o produzidos na China, que encerrou a produ\u00e7\u00e3o devido \u00e0 pandemia e, agora, os pa\u00edses enfrentam uma disputa entre si na compra dos materiais.<\/p>\n<div data-block-type=\"raw\" data-block-weight=\"4\" data-block-id=\"15\">\n<h3>Necessidade de contrata\u00e7\u00e3o emergencial<\/h3>\n<\/div>\n<p data-track-category=\"Link no Texto\" data-track-links=\"\">O conselheiro federal de enfermagem alerta que h\u00e1 profissionais de grupo de risco trabalhando na linha de frente de combate ao Covid-19. De acordo com os dados do Cofen, entre os profissionais afastados por suspeita ou confirma\u00e7\u00e3o do novo coronav\u00edrus, 38% t\u00eam entre 31 e 40 anos; 23% t\u00eam entre 41 e 50 anos; 7,95% t\u00eam entre 51 e 60 anos e 1% \u00e9 acima de 60.<\/p>\n<p data-track-category=\"Link no Texto\" data-track-links=\"\">&#8220;Entendemos que estamos em uma pandemia, mas \u00e9 preciso haver uma contrata\u00e7\u00e3o emergencial e remanejamento desta for\u00e7a de trabalho. Colocar um enfermeiro diab\u00e9tico, hipertenso, ou com mais de 60 para atuar n\u00e3o \u00e9 correto. Temos um registro de 9% de desemprego na \u00e1rea, estes profissionais precisam ser chamados porque, quando um enfermeiro se contamina, ele precisa ser afastado por 15 dias&#8221;, alerta.<\/p>\n<p data-track-category=\"Link no Texto\" data-track-links=\"\">A import\u00e2ncia do trabalho dos enfermeiros foi lembrada pelo primeiro-ministro brit\u00e2nico Boris Johnson no \u00faltimo fim de semana. Ao receber alta do hospital onde esteve internado por Covid-19, Johnson citou o nome de v\u00e1rios enfermeiros e fez um agradecimento emocionado a dois, em especial, que estiveram com ele nos momentos mais cr\u00edticos da doen\u00e7a.<\/p>\n<p data-track-category=\"Link no Texto\" data-track-links=\"\">&#8220;A raz\u00e3o para o meu corpo voltar a ter oxig\u00eanio foi por eles estarem a todos os segundos da noite ao meu lado, me olhando, eles estavam pensando como agir e cuidando de mim, fazendo as interven\u00e7\u00f5es que eu precisava&#8221;, afirmou.<\/p>\n<\/div>\n<\/div>\n<\/div>\n<\/div>\n","protected":false},"excerpt":{"rendered":"<p>O Brasil registrava ao menos 30 mortes de profissionais de enfermagem causadas pela Covid-19 at\u00e9 esta quarta-feira (15), de acordo com balan\u00e7o do Conselho Federal de Enfermagem (Cofen). O levantamento retrata o impacto das infec\u00e7\u00f5es do novo coronav\u00edrus entre enfermeiros, t\u00e9cnicos e assistentes. Outros 4 mil profissionais est\u00e3o afastados pela doen\u00e7a, sendo 552 com diagn\u00f3stico [&hellip;]<\/p>\n","protected":false},"author":1,"featured_media":30598,"comment_status":"closed","ping_status":"closed","sticky":false,"template":"","format":"standard","meta":{"footnotes":""},"categories":[229],"tags":[],"_links":{"self":[{"href":"https:\/\/www.anamt.org.br\/portal\/wp-json\/wp\/v2\/posts\/40213"}],"collection":[{"href":"https:\/\/www.anamt.org.br\/portal\/wp-json\/wp\/v2\/posts"}],"about":[{"href":"https:\/\/www.anamt.org.br\/portal\/wp-json\/wp\/v2\/types\/post"}],"author":[{"embeddable":true,"href":"https:\/\/www.anamt.org.br\/portal\/wp-json\/wp\/v2\/users\/1"}],"replies":[{"embeddable":true,"href":"https:\/\/www.anamt.org.br\/portal\/wp-json\/wp\/v2\/comments?post=40213"}],"version-history":[{"count":0,"href":"https:\/\/www.anamt.org.br\/portal\/wp-json\/wp\/v2\/posts\/40213\/revisions"}],"wp:featuredmedia":[{"embeddable":true,"href":"https:\/\/www.anamt.org.br\/portal\/wp-json\/wp\/v2\/media\/30598"}],"wp:attachment":[{"href":"https:\/\/www.anamt.org.br\/portal\/wp-json\/wp\/v2\/media?parent=40213"}],"wp:term":[{"taxonomy":"category","embeddable":true,"href":"https:\/\/www.anamt.org.br\/portal\/wp-json\/wp\/v2\/categories?post=40213"},{"taxonomy":"post_tag","embeddable":true,"href":"https:\/\/www.anamt.org.br\/portal\/wp-json\/wp\/v2\/tags?post=40213"}],"curies":[{"name":"wp","href":"https:\/\/api.w.org\/{rel}","templated":true}]}}